{"id":7719,"date":"2025-09-07T20:16:23","date_gmt":"2025-09-07T19:16:23","guid":{"rendered":"https:\/\/www.paroisse-sjeg.fr\/?p=7719"},"modified":"2025-09-07T20:16:39","modified_gmt":"2025-09-07T19:16:39","slug":"inscription-catechese-annee-2025-2026","status":"publish","type":"post","link":"https:\/\/www.paroisse-sjeg.fr\/index.php\/inscription-catechese-annee-2025-2026\/","title":{"rendered":"Inscription cat\u00e9ch\u00e8se ann\u00e9e 2025\/2026"},"content":{"rendered":"\n<p>Du CE2 au CM2, voici les horaires propos\u00e9s&nbsp;:<\/p>\n\n\n\n<ul class=\"wp-block-list\">\n<li><strong>Mardi de 16h45\/17h \u00a0\u00e0 18h15 \u00a0\u00e0 la maison paroissiale de la Chapelle sur Erdre<\/strong>. Format KidcAT<\/li>\n<\/ul>\n\n\n\n<p>Les enfants de l&rsquo;\u00e9cole St Michel sont pris en charge par les cat\u00e9chistes \u00e0 l&rsquo;\u00e9cole pour les accompagner \u00e0 pied jusqu&rsquo;\u00e0 la maison paroissiale.&nbsp;<\/p>\n\n\n\n<p>Au programme go\u00fbter commun, jeux, temps de cat\u00e9ch\u00e8se avec le p\u00e8re St\u00e9phane, \u00e9change en petits groupes, pri\u00e8re \u00e0 l&rsquo;\u00e9glise.<\/p>\n\n\n\n<p>Plusieurs cat\u00e9chistes sont pr\u00e9sents, nous accueillons avec joie des parents qui peuvent venir nous aider toutes les semaines ou ponctuellement.<\/p>\n\n\n\n<ul class=\"wp-block-list\">\n<li><strong>Mercredi de 14h \u00e0 15h \u00e0 la maison paroissiale de la Chapelle sur Erdre. <\/strong>s\u00e9ance KT avec Anne (groupe limit\u00e9 \u00e0 8 enfants)\u00a0<\/li>\n\n\n\n<li><strong>Mercredi \u00a015h45 \u00e0 16h45 \u00a0Grandchamp des Fontaines,<\/strong>\u00a0chez Nelly \u00a0<\/li>\n\n\n\n<li><strong>Jeudi 17h30-18h30 rue du ch\u00e2teau d&rsquo;eau \u00e0 la Chapelle <\/strong>avec Anne-Lise (horaires \u00e9ventuellement ajustables)<br>\u00a0<\/li>\n<\/ul>\n\n\n\n<p>Si possible, la <strong>participation financi\u00e8re <\/strong>propos\u00e9e est \u00e0 partir de &nbsp;35\u20ac, laiss\u00e9e au libre choix de chaque famille (paiement par ch\u00e8que \u00e0 l&rsquo;ordre de paroisse St Jean Erdre et Gesvres sous enveloppe en pr\u00e9cisant \u00ab\u00a0inscription KT\u00a0\u00bb \u00e0 donner au cat\u00e9chiste ou \u00e0 d\u00e9poser \u00e0 la maison paroissiale).<\/p>\n\n\n\n<p>Pour plus d\u2019informations&nbsp;: responsable@paroisse-sjeg.fr<\/p>\n","protected":false},"excerpt":{"rendered":"<p>Du CE2 au CM2, voici les horaires propos\u00e9s&nbsp;: Les enfants de l&rsquo;\u00e9cole St Michel sont pris en charge par les cat\u00e9chistes \u00e0 l&rsquo;\u00e9cole pour les accompagner \u00e0 pied jusqu&rsquo;\u00e0 la maison paroissiale.&nbsp; Au programme go\u00fbter commun, jeux, temps de cat\u00e9ch\u00e8se avec le p\u00e8re St\u00e9phane, \u00e9change en petits groupes, pri\u00e8re \u00e0 l&rsquo;\u00e9glise. Plusieurs cat\u00e9chistes sont pr\u00e9sents, [&hellip;]<\/p>\n","protected":false},"author":1,"featured_media":0,"comment_status":"closed","ping_status":"closed","sticky":false,"template":"","format":"standard","meta":{"footnotes":""},"categories":[37],"tags":[],"post_folder":[],"class_list":{"0":"post-7719","1":"post","2":"type-post","3":"status-publish","4":"format-standard","6":"category-evenements","7":"czr-hentry"},"_links":{"self":[{"href":"https:\/\/www.paroisse-sjeg.fr\/index.php\/wp-json\/wp\/v2\/posts\/7719","targetHints":{"allow":["GET"]}}],"collection":[{"href":"https:\/\/www.paroisse-sjeg.fr\/index.php\/wp-json\/wp\/v2\/posts"}],"about":[{"href":"https:\/\/www.paroisse-sjeg.fr\/index.php\/wp-json\/wp\/v2\/types\/post"}],"author":[{"embeddable":true,"href":"https:\/\/www.paroisse-sjeg.fr\/index.php\/wp-json\/wp\/v2\/users\/1"}],"replies":[{"embeddable":true,"href":"https:\/\/www.paroisse-sjeg.fr\/index.php\/wp-json\/wp\/v2\/comments?post=7719"}],"version-history":[{"count":1,"href":"https:\/\/www.paroisse-sjeg.fr\/index.php\/wp-json\/wp\/v2\/posts\/7719\/revisions"}],"predecessor-version":[{"id":7720,"href":"https:\/\/www.paroisse-sjeg.fr\/index.php\/wp-json\/wp\/v2\/posts\/7719\/revisions\/7720"}],"wp:attachment":[{"href":"https:\/\/www.paroisse-sjeg.fr\/index.php\/wp-json\/wp\/v2\/media?parent=7719"}],"wp:term":[{"taxonomy":"category","embeddable":true,"href":"https:\/\/www.paroisse-sjeg.fr\/index.php\/wp-json\/wp\/v2\/categories?post=7719"},{"taxonomy":"post_tag","embeddable":true,"href":"https:\/\/www.paroisse-sjeg.fr\/index.php\/wp-json\/wp\/v2\/tags?post=7719"},{"taxonomy":"post_folder","embeddable":true,"href":"https:\/\/www.paroisse-sjeg.fr\/index.php\/wp-json\/wp\/v2\/post_folder?post=7719"}],"curies":[{"name":"wp","href":"https:\/\/api.w.org\/{rel}","templated":true}]}}