{"id":7175,"date":"2024-01-25T17:29:29","date_gmt":"2024-01-25T16:29:29","guid":{"rendered":"https:\/\/www.paroisse-sjeg.fr\/?p=7175"},"modified":"2024-01-29T09:23:12","modified_gmt":"2024-01-29T08:23:12","slug":"dimanche-de-la-sante-11-fevrier-2024","status":"publish","type":"post","link":"https:\/\/www.paroisse-sjeg.fr\/index.php\/dimanche-de-la-sante-11-fevrier-2024\/","title":{"rendered":"DIMANCHE DE LA SANTE 11 FEVRIER 2024"},"content":{"rendered":"<p><strong>\u00ab\u00a0De partout on venait \u00e0 lui\u00a0\u00bb est le th\u00e8me du dimanche de la sant\u00e9, le 11 f\u00e9vrier 2024.<\/strong><\/p>\n<p>Le dimanche de la sant\u00e9 a \u00e9t\u00e9 instaur\u00e9 vers la fin des ann\u00e9es 80 \u00e0 l\u2019initiative d\u2019un groupe de l\u2019Action Catholique des Milieux Sanitaires et Sociaux (ACMSS) pour mettre en lumi\u00e8re les soignants de tous horizons dans les communaut\u00e9s paroissiales.<\/p>\n<p>Depuis, on a malheureusement souvent fait de ce dimanche un \u00ab dimanche des malades \u00bb puisqu\u2019il se situe dans le calendrier le dimanche le plus proche de la journ\u00e9e mondiale des malades (11 f\u00e9vrier) instaur\u00e9e par Jean-Paul II en 1992. Or, la vocation du dimanche de la sant\u00e9 est vraiment de rendre visible dans les communaut\u00e9s chr\u00e9tiennes, les soignants, les aidants, les visiteurs de malades, les \u00e9quipes d\u2019aum\u00f4nerie, les blouses roses et autres associations\u2026 tous ceux qui \u0153uvrent (parfois dans l\u2019ombre) et qui sont tellement importants, tellement essentiels pour la prise en charge des personnes malades, \u00e2g\u00e9es, handicap\u00e9es.<\/p>\n<h4 style=\"text-align: center;\">Pri\u00e8re du dimanche de la sant\u00e9<\/h4>\n<p style=\"text-align: center;\">Nous te rendons gr\u00e2ce,<br \/>\nEt nous te b\u00e9nissons Dieu notre p\u00e8re<br \/>\nPour J\u00e9sus ton Christ.<br \/>\nIl a partag\u00e9 le tout de nos vies<br \/>\nAvec leur lot de bonheurs et de r\u00e9ussites<br \/>\nDe souffrances ou de peines,<br \/>\nAvec leurs tourments et leurs manquements<br \/>\nAvec leurs doutes et leurs emportements.<br \/>\nPar lui nous te savons tout proche de chacun,<br \/>\nA chaque instant, de partout nous venons \u00e0 Lui<br \/>\nDe partout il nous m\u00e8ne \u00e0 Toi.<\/p>\n<p><em>\u00a0\u00a0\u00a0\u00a0\u00a0\u00a0\u00a0\u00a0\u00a0\u00a0\u00a0\u00a0\u00a0\u00a0\u00a0\u00a0\u00a0\u00a0\u00a0\u00a0\u00a0\u00a0\u00a0\u00a0\u00a0\u00a0\u00a0\u00a0\u00a0\u00a0\u00a0\u00a0\u00a0\u00a0\u00a0\u00a0\u00a0\u00a0\u00a0\u00a0\u00a0\u00a0\u00a0\u00a0\u00a0\u00a0\u00a0\u00a0\u00a0 Chantal Lavoillotte<\/em><\/p>\n","protected":false},"excerpt":{"rendered":"<p>\u00ab\u00a0De partout on venait \u00e0 lui\u00a0\u00bb est le th\u00e8me du dimanche de la sant\u00e9, le 11 f\u00e9vrier 2024. Le dimanche de la sant\u00e9 a \u00e9t\u00e9 instaur\u00e9 vers la fin des ann\u00e9es 80 \u00e0 l\u2019initiative d\u2019un groupe de l\u2019Action Catholique des Milieux Sanitaires et Sociaux (ACMSS) pour mettre en lumi\u00e8re les soignants de tous horizons dans [&hellip;]<\/p>\n","protected":false},"author":14,"featured_media":0,"comment_status":"closed","ping_status":"closed","sticky":false,"template":"","format":"standard","meta":{"footnotes":""},"categories":[37],"tags":[],"post_folder":[],"class_list":{"0":"post-7175","1":"post","2":"type-post","3":"status-publish","4":"format-standard","6":"category-evenements","7":"czr-hentry"},"_links":{"self":[{"href":"https:\/\/www.paroisse-sjeg.fr\/index.php\/wp-json\/wp\/v2\/posts\/7175","targetHints":{"allow":["GET"]}}],"collection":[{"href":"https:\/\/www.paroisse-sjeg.fr\/index.php\/wp-json\/wp\/v2\/posts"}],"about":[{"href":"https:\/\/www.paroisse-sjeg.fr\/index.php\/wp-json\/wp\/v2\/types\/post"}],"author":[{"embeddable":true,"href":"https:\/\/www.paroisse-sjeg.fr\/index.php\/wp-json\/wp\/v2\/users\/14"}],"replies":[{"embeddable":true,"href":"https:\/\/www.paroisse-sjeg.fr\/index.php\/wp-json\/wp\/v2\/comments?post=7175"}],"version-history":[{"count":4,"href":"https:\/\/www.paroisse-sjeg.fr\/index.php\/wp-json\/wp\/v2\/posts\/7175\/revisions"}],"predecessor-version":[{"id":7190,"href":"https:\/\/www.paroisse-sjeg.fr\/index.php\/wp-json\/wp\/v2\/posts\/7175\/revisions\/7190"}],"wp:attachment":[{"href":"https:\/\/www.paroisse-sjeg.fr\/index.php\/wp-json\/wp\/v2\/media?parent=7175"}],"wp:term":[{"taxonomy":"category","embeddable":true,"href":"https:\/\/www.paroisse-sjeg.fr\/index.php\/wp-json\/wp\/v2\/categories?post=7175"},{"taxonomy":"post_tag","embeddable":true,"href":"https:\/\/www.paroisse-sjeg.fr\/index.php\/wp-json\/wp\/v2\/tags?post=7175"},{"taxonomy":"post_folder","embeddable":true,"href":"https:\/\/www.paroisse-sjeg.fr\/index.php\/wp-json\/wp\/v2\/post_folder?post=7175"}],"curies":[{"name":"wp","href":"https:\/\/api.w.org\/{rel}","templated":true}]}}