{"id":6801,"date":"2023-03-25T08:51:43","date_gmt":"2023-03-25T07:51:43","guid":{"rendered":"https:\/\/www.paroisse-sjeg.fr\/?p=6801"},"modified":"2023-03-25T16:46:01","modified_gmt":"2023-03-25T15:46:01","slug":"semaine-sainte","status":"publish","type":"post","link":"https:\/\/www.paroisse-sjeg.fr\/index.php\/semaine-sainte\/","title":{"rendered":"Semaine Sainte"},"content":{"rendered":"\n<p><strong><u class=\"\">Pri\u00e8re des Laudes<\/u><\/strong><\/p>\n\n\n\n<p>Tous les jours de la semaine sainte, du lundi 3 au samedi 8 inclus, \u00e0 8h45 \u00e0 l\u2019\u00e9glise de La Chapelle<\/p>\n\n\n\n<p><strong><u class=\"\">C\u00e9l\u00e9brations<\/u><\/strong><\/p>\n\n\n\n<p><strong>Messe des Rameaux&nbsp;:<\/strong><\/p>\n\n\n\n<p>Samedi 1<sup class=\"\">er<\/sup> avril 18h30 \u00e0 Treilli\u00e8res<\/p>\n\n\n\n<p>Dimanche 2 avril 9h30 \u00e0 Grandchamps&nbsp;et 11h \u00e0 La Chapelle<\/p>\n\n\n\n<p><strong>Mardi saint,<\/strong> 4 avril&nbsp;: Messe chrismale&nbsp;\u00e0 18h30 \u00e0 Nort-sur-Erdre<\/p>\n\n\n\n<p><strong>Jeudi saint<\/strong>,&nbsp;6 avril&nbsp;<\/p>\n\n\n\n<p>Messe \u00e0 19h \u00e0 La Chapelle<\/p>\n\n\n\n<p>Nuit d\u2019adoration de 20h30 au vendredi 9h \u00e0 l\u2019\u00e9glise de la Chapelle<\/p>\n\n\n\n<p><strong>Vendredi saint,<\/strong>&nbsp;7 avril :<\/p>\n\n\n\n<p>Chemin de croix \u00e0 15h \u00e0 Treilli\u00e8res<\/p>\n\n\n\n<p>C\u00e9l\u00e9bration de la Passion \u00e0 19h \u00e0 Grandchamps<\/p>\n\n\n\n<p><strong>P\u00e2ques&nbsp;:<\/strong><\/p>\n\n\n\n<p>Samedi 8 avril, Veill\u00e9e pascale \u00e0 21h30 \u00e0 La Chapelle<\/p>\n\n\n\n<p>Dimanche 9 avril, Messe \u00e0 9h30 \u00e0 Grandhchamps&nbsp;et \u00e0 11h \u00e0 La Chapelle<\/p>\n\n\n\n<figure class=\"wp-block-image size-full\"><img loading=\"lazy\" decoding=\"async\" width=\"879\" height=\"544\" src=\"https:\/\/www.paroisse-sjeg.fr\/wp-content\/uploads\/2023\/03\/image-3.png\" alt=\"\" class=\"wp-image-6804\" srcset=\"https:\/\/www.paroisse-sjeg.fr\/wp-content\/uploads\/2023\/03\/image-3.png 879w, https:\/\/www.paroisse-sjeg.fr\/wp-content\/uploads\/2023\/03\/image-3-300x186.png 300w, https:\/\/www.paroisse-sjeg.fr\/wp-content\/uploads\/2023\/03\/image-3-768x475.png 768w, https:\/\/www.paroisse-sjeg.fr\/wp-content\/uploads\/2023\/03\/image-3-600x371.png 600w\" sizes=\"auto, (max-width: 879px) 100vw, 879px\" \/><\/figure>\n","protected":false},"excerpt":{"rendered":"<p>Pri\u00e8re des Laudes Tous les jours de la semaine sainte, du lundi 3 au samedi 8 inclus, \u00e0 8h45 \u00e0 l\u2019\u00e9glise de La Chapelle C\u00e9l\u00e9brations Messe des Rameaux&nbsp;: Samedi 1er avril 18h30 \u00e0 Treilli\u00e8res Dimanche 2 avril 9h30 \u00e0 Grandchamps&nbsp;et 11h \u00e0 La Chapelle Mardi saint, 4 avril&nbsp;: Messe chrismale&nbsp;\u00e0 18h30 \u00e0 Nort-sur-Erdre Jeudi saint,&nbsp;6 [&hellip;]<\/p>\n","protected":false},"author":1,"featured_media":6819,"comment_status":"closed","ping_status":"closed","sticky":false,"template":"","format":"standard","meta":{"footnotes":""},"categories":[37],"tags":[],"post_folder":[],"class_list":{"0":"post-6801","1":"post","2":"type-post","3":"status-publish","4":"format-standard","5":"has-post-thumbnail","7":"category-evenements","8":"czr-hentry"},"_links":{"self":[{"href":"https:\/\/www.paroisse-sjeg.fr\/index.php\/wp-json\/wp\/v2\/posts\/6801","targetHints":{"allow":["GET"]}}],"collection":[{"href":"https:\/\/www.paroisse-sjeg.fr\/index.php\/wp-json\/wp\/v2\/posts"}],"about":[{"href":"https:\/\/www.paroisse-sjeg.fr\/index.php\/wp-json\/wp\/v2\/types\/post"}],"author":[{"embeddable":true,"href":"https:\/\/www.paroisse-sjeg.fr\/index.php\/wp-json\/wp\/v2\/users\/1"}],"replies":[{"embeddable":true,"href":"https:\/\/www.paroisse-sjeg.fr\/index.php\/wp-json\/wp\/v2\/comments?post=6801"}],"version-history":[{"count":3,"href":"https:\/\/www.paroisse-sjeg.fr\/index.php\/wp-json\/wp\/v2\/posts\/6801\/revisions"}],"predecessor-version":[{"id":6818,"href":"https:\/\/www.paroisse-sjeg.fr\/index.php\/wp-json\/wp\/v2\/posts\/6801\/revisions\/6818"}],"wp:featuredmedia":[{"embeddable":true,"href":"https:\/\/www.paroisse-sjeg.fr\/index.php\/wp-json\/wp\/v2\/media\/6819"}],"wp:attachment":[{"href":"https:\/\/www.paroisse-sjeg.fr\/index.php\/wp-json\/wp\/v2\/media?parent=6801"}],"wp:term":[{"taxonomy":"category","embeddable":true,"href":"https:\/\/www.paroisse-sjeg.fr\/index.php\/wp-json\/wp\/v2\/categories?post=6801"},{"taxonomy":"post_tag","embeddable":true,"href":"https:\/\/www.paroisse-sjeg.fr\/index.php\/wp-json\/wp\/v2\/tags?post=6801"},{"taxonomy":"post_folder","embeddable":true,"href":"https:\/\/www.paroisse-sjeg.fr\/index.php\/wp-json\/wp\/v2\/post_folder?post=6801"}],"curies":[{"name":"wp","href":"https:\/\/api.w.org\/{rel}","templated":true}]}}