{"id":6654,"date":"2023-02-04T17:14:00","date_gmt":"2023-02-04T16:14:00","guid":{"rendered":"https:\/\/www.paroisse-sjeg.fr\/?p=6654"},"modified":"2023-10-18T17:35:51","modified_gmt":"2023-10-18T16:35:51","slug":"gaby-4-fevrier-1000","status":"publish","type":"post","link":"https:\/\/www.paroisse-sjeg.fr\/index.php\/gaby-4-fevrier-1000\/","title":{"rendered":"\u00e0-Dieu Gaby"},"content":{"rendered":"\n<p>Gaby est parti vers le P\u00e8re  pendant la Messe dimanche 29 janvier. Dans la peine de son d\u00e9part et dans l\u2019esp\u00e9rance du grand amour qui l\u2019attend, une c\u00e9l\u00e9bration nous r\u00e9unira dans la pri\u00e8re et le recueillement le samedi 4 f\u00e9vrier \u00e0 10:00 dans l&rsquo;\u00e9glise de La Chapelle sur Erdre.<\/p>\n\n\n<div class=\"wp-block-image\">\n<figure class=\"aligncenter size-full\"><img loading=\"lazy\" decoding=\"async\" width=\"435\" height=\"976\" src=\"https:\/\/www.paroisse-sjeg.fr\/wp-content\/uploads\/2023\/01\/PHOTO-2023-01-29-14-26-01.jpg\" alt=\"\" class=\"wp-image-6655\" srcset=\"https:\/\/www.paroisse-sjeg.fr\/wp-content\/uploads\/2023\/01\/PHOTO-2023-01-29-14-26-01.jpg 435w, https:\/\/www.paroisse-sjeg.fr\/wp-content\/uploads\/2023\/01\/PHOTO-2023-01-29-14-26-01-134x300.jpg 134w\" sizes=\"auto, (max-width: 435px) 100vw, 435px\" \/><\/figure>\n<\/div>","protected":false},"excerpt":{"rendered":"<p>Gaby est parti vers le P\u00e8re pendant la Messe dimanche 29 janvier. Dans la peine de son d\u00e9part et dans l\u2019esp\u00e9rance du grand amour qui l\u2019attend, une c\u00e9l\u00e9bration nous r\u00e9unira dans la pri\u00e8re et le recueillement le samedi 4 f\u00e9vrier \u00e0 10:00 dans l&rsquo;\u00e9glise de La Chapelle sur Erdre.<\/p>\n","protected":false},"author":1,"featured_media":464,"comment_status":"closed","ping_status":"closed","sticky":false,"template":"","format":"standard","meta":{"footnotes":""},"categories":[37],"tags":[],"post_folder":[],"class_list":{"0":"post-6654","1":"post","2":"type-post","3":"status-publish","4":"format-standard","5":"has-post-thumbnail","7":"category-evenements","8":"czr-hentry"},"_links":{"self":[{"href":"https:\/\/www.paroisse-sjeg.fr\/index.php\/wp-json\/wp\/v2\/posts\/6654","targetHints":{"allow":["GET"]}}],"collection":[{"href":"https:\/\/www.paroisse-sjeg.fr\/index.php\/wp-json\/wp\/v2\/posts"}],"about":[{"href":"https:\/\/www.paroisse-sjeg.fr\/index.php\/wp-json\/wp\/v2\/types\/post"}],"author":[{"embeddable":true,"href":"https:\/\/www.paroisse-sjeg.fr\/index.php\/wp-json\/wp\/v2\/users\/1"}],"replies":[{"embeddable":true,"href":"https:\/\/www.paroisse-sjeg.fr\/index.php\/wp-json\/wp\/v2\/comments?post=6654"}],"version-history":[{"count":8,"href":"https:\/\/www.paroisse-sjeg.fr\/index.php\/wp-json\/wp\/v2\/posts\/6654\/revisions"}],"predecessor-version":[{"id":7050,"href":"https:\/\/www.paroisse-sjeg.fr\/index.php\/wp-json\/wp\/v2\/posts\/6654\/revisions\/7050"}],"wp:featuredmedia":[{"embeddable":true,"href":"https:\/\/www.paroisse-sjeg.fr\/index.php\/wp-json\/wp\/v2\/media\/464"}],"wp:attachment":[{"href":"https:\/\/www.paroisse-sjeg.fr\/index.php\/wp-json\/wp\/v2\/media?parent=6654"}],"wp:term":[{"taxonomy":"category","embeddable":true,"href":"https:\/\/www.paroisse-sjeg.fr\/index.php\/wp-json\/wp\/v2\/categories?post=6654"},{"taxonomy":"post_tag","embeddable":true,"href":"https:\/\/www.paroisse-sjeg.fr\/index.php\/wp-json\/wp\/v2\/tags?post=6654"},{"taxonomy":"post_folder","embeddable":true,"href":"https:\/\/www.paroisse-sjeg.fr\/index.php\/wp-json\/wp\/v2\/post_folder?post=6654"}],"curies":[{"name":"wp","href":"https:\/\/api.w.org\/{rel}","templated":true}]}}