{"id":6639,"date":"2023-05-23T12:21:00","date_gmt":"2023-05-23T11:21:00","guid":{"rendered":"https:\/\/www.paroisse-sjeg.fr\/?p=6639"},"modified":"2023-06-27T06:02:47","modified_gmt":"2023-06-27T05:02:47","slug":"on-na-pas-toujours-20-ans","status":"publish","type":"post","link":"https:\/\/www.paroisse-sjeg.fr\/index.php\/on-na-pas-toujours-20-ans\/","title":{"rendered":"11 juin, f\u00eate paroissiale"},"content":{"rendered":"\n<p>La f\u00eate paroissiale du 11 juin approche ! Rendez-vous aux jardins d&rsquo;Ashton Keynes de 10h \u00e0 17h&#8230;<\/p>\n\n\n\n<p>Renseignements et inscriptions sur <a rel=\"noreferrer noopener\" href=\"https:\/\/20anssjeg.wixsite.com\/20ans-sjeg\" target=\"_blank\">le site d\u00e9di\u00e9 !<\/a><\/p>\n\n\n\n<p><\/p>\n","protected":false},"excerpt":{"rendered":"<p>La f\u00eate paroissiale du 11 juin approche ! Rendez-vous aux jardins d&rsquo;Ashton Keynes de 10h \u00e0 17h&#8230; Renseignements et inscriptions sur le site d\u00e9di\u00e9 !<\/p>\n","protected":false},"author":1,"featured_media":6641,"comment_status":"closed","ping_status":"closed","sticky":false,"template":"","format":"standard","meta":{"footnotes":""},"categories":[37],"tags":[],"post_folder":[],"class_list":{"0":"post-6639","1":"post","2":"type-post","3":"status-publish","4":"format-standard","5":"has-post-thumbnail","7":"category-evenements","8":"czr-hentry"},"_links":{"self":[{"href":"https:\/\/www.paroisse-sjeg.fr\/index.php\/wp-json\/wp\/v2\/posts\/6639","targetHints":{"allow":["GET"]}}],"collection":[{"href":"https:\/\/www.paroisse-sjeg.fr\/index.php\/wp-json\/wp\/v2\/posts"}],"about":[{"href":"https:\/\/www.paroisse-sjeg.fr\/index.php\/wp-json\/wp\/v2\/types\/post"}],"author":[{"embeddable":true,"href":"https:\/\/www.paroisse-sjeg.fr\/index.php\/wp-json\/wp\/v2\/users\/1"}],"replies":[{"embeddable":true,"href":"https:\/\/www.paroisse-sjeg.fr\/index.php\/wp-json\/wp\/v2\/comments?post=6639"}],"version-history":[{"count":4,"href":"https:\/\/www.paroisse-sjeg.fr\/index.php\/wp-json\/wp\/v2\/posts\/6639\/revisions"}],"predecessor-version":[{"id":6877,"href":"https:\/\/www.paroisse-sjeg.fr\/index.php\/wp-json\/wp\/v2\/posts\/6639\/revisions\/6877"}],"wp:featuredmedia":[{"embeddable":true,"href":"https:\/\/www.paroisse-sjeg.fr\/index.php\/wp-json\/wp\/v2\/media\/6641"}],"wp:attachment":[{"href":"https:\/\/www.paroisse-sjeg.fr\/index.php\/wp-json\/wp\/v2\/media?parent=6639"}],"wp:term":[{"taxonomy":"category","embeddable":true,"href":"https:\/\/www.paroisse-sjeg.fr\/index.php\/wp-json\/wp\/v2\/categories?post=6639"},{"taxonomy":"post_tag","embeddable":true,"href":"https:\/\/www.paroisse-sjeg.fr\/index.php\/wp-json\/wp\/v2\/tags?post=6639"},{"taxonomy":"post_folder","embeddable":true,"href":"https:\/\/www.paroisse-sjeg.fr\/index.php\/wp-json\/wp\/v2\/post_folder?post=6639"}],"curies":[{"name":"wp","href":"https:\/\/api.w.org\/{rel}","templated":true}]}}