{"id":6580,"date":"2022-11-30T14:49:49","date_gmt":"2022-11-30T13:49:49","guid":{"rendered":"https:\/\/www.paroisse-sjeg.fr\/?p=6580"},"modified":"2022-11-30T14:51:54","modified_gmt":"2022-11-30T13:51:54","slug":"veillee-de-priere-et-de-misericorde","status":"publish","type":"post","link":"https:\/\/www.paroisse-sjeg.fr\/index.php\/veillee-de-priere-et-de-misericorde\/","title":{"rendered":"Veill\u00e9e de pri\u00e8re et de mis\u00e9ricorde"},"content":{"rendered":"\n<div class=\"wp-block-columns is-layout-flex wp-container-core-columns-is-layout-9d6595d7 wp-block-columns-is-layout-flex\">\n<div class=\"wp-block-column is-layout-flow wp-block-column-is-layout-flow\" style=\"flex-basis:100%\">\n<p class=\"has-text-align-center\">Jeudi 1er d\u00e9cembre de 19h \u00e0 21h \u00e0 La Chapelle-sur-Erdre<\/p>\n<\/div>\n<\/div>\n\n\n\n<p>Pour entrer en avent, exp\u00e9rimenter la pri\u00e8re des fr\u00e8res et la pri\u00e8re d&rsquo;adoration, recevoir le sacrement de r\u00e9conciliation.<\/p>\n\n\n\n<p>La veill\u00e9e sera suivie des 24h d&rsquo;adoration.<\/p>\n\n\n\n<figure class=\"wp-block-image size-large\"><img loading=\"lazy\" decoding=\"async\" width=\"1024\" height=\"601\" src=\"https:\/\/www.paroisse-sjeg.fr\/wp-content\/uploads\/2022\/11\/image-5-1024x601.png\" alt=\"\" class=\"wp-image-6560\" srcset=\"https:\/\/www.paroisse-sjeg.fr\/wp-content\/uploads\/2022\/11\/image-5-1024x601.png 1024w, https:\/\/www.paroisse-sjeg.fr\/wp-content\/uploads\/2022\/11\/image-5-300x176.png 300w, https:\/\/www.paroisse-sjeg.fr\/wp-content\/uploads\/2022\/11\/image-5-768x451.png 768w, https:\/\/www.paroisse-sjeg.fr\/wp-content\/uploads\/2022\/11\/image-5-600x352.png 600w, https:\/\/www.paroisse-sjeg.fr\/wp-content\/uploads\/2022\/11\/image-5.png 1350w\" sizes=\"auto, (max-width: 1024px) 100vw, 1024px\" \/><\/figure>\n","protected":false},"excerpt":{"rendered":"<p>Jeudi 1er d\u00e9cembre de 19h \u00e0 21h \u00e0 La Chapelle-sur-Erdre Pour entrer en avent, exp\u00e9rimenter la pri\u00e8re des fr\u00e8res et la pri\u00e8re d&rsquo;adoration, recevoir le sacrement de r\u00e9conciliation. La veill\u00e9e sera suivie des 24h d&rsquo;adoration.<\/p>\n","protected":false},"author":1,"featured_media":6511,"comment_status":"closed","ping_status":"closed","sticky":false,"template":"","format":"standard","meta":{"footnotes":""},"categories":[37],"tags":[],"post_folder":[],"class_list":{"0":"post-6580","1":"post","2":"type-post","3":"status-publish","4":"format-standard","5":"has-post-thumbnail","7":"category-evenements","8":"czr-hentry"},"_links":{"self":[{"href":"https:\/\/www.paroisse-sjeg.fr\/index.php\/wp-json\/wp\/v2\/posts\/6580","targetHints":{"allow":["GET"]}}],"collection":[{"href":"https:\/\/www.paroisse-sjeg.fr\/index.php\/wp-json\/wp\/v2\/posts"}],"about":[{"href":"https:\/\/www.paroisse-sjeg.fr\/index.php\/wp-json\/wp\/v2\/types\/post"}],"author":[{"embeddable":true,"href":"https:\/\/www.paroisse-sjeg.fr\/index.php\/wp-json\/wp\/v2\/users\/1"}],"replies":[{"embeddable":true,"href":"https:\/\/www.paroisse-sjeg.fr\/index.php\/wp-json\/wp\/v2\/comments?post=6580"}],"version-history":[{"count":5,"href":"https:\/\/www.paroisse-sjeg.fr\/index.php\/wp-json\/wp\/v2\/posts\/6580\/revisions"}],"predecessor-version":[{"id":6585,"href":"https:\/\/www.paroisse-sjeg.fr\/index.php\/wp-json\/wp\/v2\/posts\/6580\/revisions\/6585"}],"wp:featuredmedia":[{"embeddable":true,"href":"https:\/\/www.paroisse-sjeg.fr\/index.php\/wp-json\/wp\/v2\/media\/6511"}],"wp:attachment":[{"href":"https:\/\/www.paroisse-sjeg.fr\/index.php\/wp-json\/wp\/v2\/media?parent=6580"}],"wp:term":[{"taxonomy":"category","embeddable":true,"href":"https:\/\/www.paroisse-sjeg.fr\/index.php\/wp-json\/wp\/v2\/categories?post=6580"},{"taxonomy":"post_tag","embeddable":true,"href":"https:\/\/www.paroisse-sjeg.fr\/index.php\/wp-json\/wp\/v2\/tags?post=6580"},{"taxonomy":"post_folder","embeddable":true,"href":"https:\/\/www.paroisse-sjeg.fr\/index.php\/wp-json\/wp\/v2\/post_folder?post=6580"}],"curies":[{"name":"wp","href":"https:\/\/api.w.org\/{rel}","templated":true}]}}