{"id":6513,"date":"2022-11-04T17:32:04","date_gmt":"2022-11-04T16:32:04","guid":{"rendered":"https:\/\/www.paroisse-sjeg.fr\/?p=6513"},"modified":"2022-11-04T17:37:34","modified_gmt":"2022-11-04T16:37:34","slug":"messe-du-6-novembre-au-revoir-gaby","status":"publish","type":"post","link":"https:\/\/www.paroisse-sjeg.fr\/index.php\/messe-du-6-novembre-au-revoir-gaby\/","title":{"rendered":"Messe du 6 novembre: Au revoir Gaby"},"content":{"rendered":"\n<p>Depuis 14 ans, Gaby fait partie de la vie de notre paroisse et nous accompagne pour c\u00e9l\u00e9brer les bapt\u00eames, mariages, enterrements, messes dominicales, etc\u2026<\/p>\n\n\n\n<p>Pour Gaby, le moment de la retraite est proche et il rejoindra prochainement la maison dioc\u00e9saine de Nantes.<\/p>\n\n\n\n<p>Le dimanche 6 novembre, Gaby viendra nous dire au revoir au cours de la messe de 11:00 \u00e0 La Chapelle-sur-Erdre.<\/p>\n\n\n\n<p>Venez nombreux !<\/p>\n","protected":false},"excerpt":{"rendered":"<p>Depuis 14 ans, Gaby fait partie de la vie de notre paroisse et nous accompagne pour c\u00e9l\u00e9brer les bapt\u00eames, mariages, enterrements, messes dominicales, etc\u2026 Pour Gaby, le moment de la retraite est proche et il rejoindra prochainement la maison dioc\u00e9saine de Nantes. Le dimanche 6 novembre, Gaby viendra nous dire au revoir au cours de [&hellip;]<\/p>\n","protected":false},"author":1,"featured_media":464,"comment_status":"closed","ping_status":"closed","sticky":false,"template":"","format":"standard","meta":{"footnotes":""},"categories":[37],"tags":[],"post_folder":[],"class_list":{"0":"post-6513","1":"post","2":"type-post","3":"status-publish","4":"format-standard","5":"has-post-thumbnail","7":"category-evenements","8":"czr-hentry"},"_links":{"self":[{"href":"https:\/\/www.paroisse-sjeg.fr\/index.php\/wp-json\/wp\/v2\/posts\/6513","targetHints":{"allow":["GET"]}}],"collection":[{"href":"https:\/\/www.paroisse-sjeg.fr\/index.php\/wp-json\/wp\/v2\/posts"}],"about":[{"href":"https:\/\/www.paroisse-sjeg.fr\/index.php\/wp-json\/wp\/v2\/types\/post"}],"author":[{"embeddable":true,"href":"https:\/\/www.paroisse-sjeg.fr\/index.php\/wp-json\/wp\/v2\/users\/1"}],"replies":[{"embeddable":true,"href":"https:\/\/www.paroisse-sjeg.fr\/index.php\/wp-json\/wp\/v2\/comments?post=6513"}],"version-history":[{"count":2,"href":"https:\/\/www.paroisse-sjeg.fr\/index.php\/wp-json\/wp\/v2\/posts\/6513\/revisions"}],"predecessor-version":[{"id":6515,"href":"https:\/\/www.paroisse-sjeg.fr\/index.php\/wp-json\/wp\/v2\/posts\/6513\/revisions\/6515"}],"wp:featuredmedia":[{"embeddable":true,"href":"https:\/\/www.paroisse-sjeg.fr\/index.php\/wp-json\/wp\/v2\/media\/464"}],"wp:attachment":[{"href":"https:\/\/www.paroisse-sjeg.fr\/index.php\/wp-json\/wp\/v2\/media?parent=6513"}],"wp:term":[{"taxonomy":"category","embeddable":true,"href":"https:\/\/www.paroisse-sjeg.fr\/index.php\/wp-json\/wp\/v2\/categories?post=6513"},{"taxonomy":"post_tag","embeddable":true,"href":"https:\/\/www.paroisse-sjeg.fr\/index.php\/wp-json\/wp\/v2\/tags?post=6513"},{"taxonomy":"post_folder","embeddable":true,"href":"https:\/\/www.paroisse-sjeg.fr\/index.php\/wp-json\/wp\/v2\/post_folder?post=6513"}],"curies":[{"name":"wp","href":"https:\/\/api.w.org\/{rel}","templated":true}]}}