{"id":6503,"date":"2022-10-31T06:43:00","date_gmt":"2022-10-31T05:43:00","guid":{"rendered":"https:\/\/www.paroisse-sjeg.fr\/?p=6503"},"modified":"2022-10-31T08:44:49","modified_gmt":"2022-10-31T07:44:49","slug":"sacrement-de-reconciliation-pour-la-toussaint","status":"publish","type":"post","link":"https:\/\/www.paroisse-sjeg.fr\/index.php\/sacrement-de-reconciliation-pour-la-toussaint\/","title":{"rendered":"Sacrement de R\u00e9conciliation pour la Toussaint"},"content":{"rendered":"\n<p>Permanences pour la Toussaint :<\/p>\n\n\n\n<ul class=\"wp-block-list\" id=\"block-39a6ee72-10bd-40ca-bd87-2f982e0612fe\"><li>mardi 25 octobre, 9h45-10h30 \u00e0 l\u2019\u00e9glise de Grandchamp (p.St\u00e9phane)<\/li><li>mercredi 26 octobre, 17h-18h30 \u00e0 l\u2019\u00e9glise de Treill\u00e8res (Jean-Yves)<\/li><li>vendredi 28 octobre, 17h-19h \u00e0 l\u2019\u00e9glise de La Chapelle (Jean-Yves et St\u00e9phane)<\/li><li>samedi 29 octobre, 17h-18h \u00e0 l\u2019\u00e9glise de La Chapelle (Jean-Yves)<\/li><\/ul>\n","protected":false},"excerpt":{"rendered":"<p>Permanences pour la Toussaint : mardi 25 octobre, 9h45-10h30 \u00e0 l\u2019\u00e9glise de Grandchamp (p.St\u00e9phane) mercredi 26 octobre, 17h-18h30 \u00e0 l\u2019\u00e9glise de Treill\u00e8res (Jean-Yves) vendredi 28 octobre, 17h-19h \u00e0 l\u2019\u00e9glise de La Chapelle (Jean-Yves et St\u00e9phane) samedi 29 octobre, 17h-18h \u00e0 l\u2019\u00e9glise de La Chapelle (Jean-Yves)<\/p>\n","protected":false},"author":1,"featured_media":3187,"comment_status":"closed","ping_status":"closed","sticky":false,"template":"","format":"standard","meta":{"footnotes":""},"categories":[37],"tags":[],"post_folder":[],"class_list":{"0":"post-6503","1":"post","2":"type-post","3":"status-publish","4":"format-standard","5":"has-post-thumbnail","7":"category-evenements","8":"czr-hentry"},"_links":{"self":[{"href":"https:\/\/www.paroisse-sjeg.fr\/index.php\/wp-json\/wp\/v2\/posts\/6503","targetHints":{"allow":["GET"]}}],"collection":[{"href":"https:\/\/www.paroisse-sjeg.fr\/index.php\/wp-json\/wp\/v2\/posts"}],"about":[{"href":"https:\/\/www.paroisse-sjeg.fr\/index.php\/wp-json\/wp\/v2\/types\/post"}],"author":[{"embeddable":true,"href":"https:\/\/www.paroisse-sjeg.fr\/index.php\/wp-json\/wp\/v2\/users\/1"}],"replies":[{"embeddable":true,"href":"https:\/\/www.paroisse-sjeg.fr\/index.php\/wp-json\/wp\/v2\/comments?post=6503"}],"version-history":[{"count":1,"href":"https:\/\/www.paroisse-sjeg.fr\/index.php\/wp-json\/wp\/v2\/posts\/6503\/revisions"}],"predecessor-version":[{"id":6504,"href":"https:\/\/www.paroisse-sjeg.fr\/index.php\/wp-json\/wp\/v2\/posts\/6503\/revisions\/6504"}],"wp:featuredmedia":[{"embeddable":true,"href":"https:\/\/www.paroisse-sjeg.fr\/index.php\/wp-json\/wp\/v2\/media\/3187"}],"wp:attachment":[{"href":"https:\/\/www.paroisse-sjeg.fr\/index.php\/wp-json\/wp\/v2\/media?parent=6503"}],"wp:term":[{"taxonomy":"category","embeddable":true,"href":"https:\/\/www.paroisse-sjeg.fr\/index.php\/wp-json\/wp\/v2\/categories?post=6503"},{"taxonomy":"post_tag","embeddable":true,"href":"https:\/\/www.paroisse-sjeg.fr\/index.php\/wp-json\/wp\/v2\/tags?post=6503"},{"taxonomy":"post_folder","embeddable":true,"href":"https:\/\/www.paroisse-sjeg.fr\/index.php\/wp-json\/wp\/v2\/post_folder?post=6503"}],"curies":[{"name":"wp","href":"https:\/\/api.w.org\/{rel}","templated":true}]}}