{"id":6242,"date":"2022-03-16T20:09:29","date_gmt":"2022-03-16T19:09:29","guid":{"rendered":"https:\/\/www.paroisse-sjeg.fr\/?p=6242"},"modified":"2022-03-16T20:09:32","modified_gmt":"2022-03-16T19:09:32","slug":"chemin-de-croix-au-calvaire-de-pontchateau","status":"publish","type":"post","link":"https:\/\/www.paroisse-sjeg.fr\/index.php\/chemin-de-croix-au-calvaire-de-pontchateau\/","title":{"rendered":"Chemin de croix au calvaire de Pontch\u00e2teau"},"content":{"rendered":"\n<p>Notre Ev\u00eaque, Mgr Percerou invite le plus grand nombre \u00e0 s\u2019associer \u00e0 la d\u00e9marche de pri\u00e8re et de m\u00e9moire qui aura lieu le 19 mars prochain au Calvaire de Pontch\u00e2teau \u00e0 15h30.<br>Cette d\u00e9marche a \u00e9t\u00e9 vot\u00e9e et voulue par les Ev\u00eaques suite au rapport de la CIASE\u00a0: chaque dioc\u00e8se est en effet invit\u00e9 \u00e0 vivre une journ\u00e9e m\u00e9morielle de pri\u00e8re le 3\u00e8 dimanche de car\u00eame.<br>\u00a0<br>Le lieu du calvaire de Pontch\u00e2teau a \u00e9t\u00e9 choisi pour vivre ce moment fort, o\u00f9 une plaque comm\u00e9morative sera d\u00e9voil\u00e9e au d\u00e9but du chemin de croix.<br>\u00a0<br>Vous pouvez lire la totalit\u00e9 de la proposition sur le site du dioc\u00e8se :<br><a href=\"https:\/\/diocese44.fr\/19-mars-2022-chemin-de-croix-au-calvaire-de-pontchateau\/\" data-type=\"URL\" data-id=\"https:\/\/diocese44.fr\/19-mars-2022-chemin-de-croix-au-calvaire-de-pontchateau\/\">https:\/\/diocese44.fr\/19-mars-2022-chemin-de-croix-au-calvaire-de-pontchateau\/<\/a><br>\u00a0<br>Cette c\u00e9l\u00e9bration n\u2019est pas \u00e0 destination des enfants en raison du caract\u00e8re difficile du t\u00e9moignage des victimes.<br>En union de pri\u00e8re &#x271d;&#xfe0f;&#x1f64f;<\/p>\n","protected":false},"excerpt":{"rendered":"<p>Notre Ev\u00eaque, Mgr Percerou invite le plus grand nombre \u00e0 s\u2019associer \u00e0 la d\u00e9marche de pri\u00e8re et de m\u00e9moire qui aura lieu le 19 mars prochain au Calvaire de Pontch\u00e2teau \u00e0 15h30.Cette d\u00e9marche a \u00e9t\u00e9 vot\u00e9e et voulue par les Ev\u00eaques suite au rapport de la CIASE\u00a0: chaque dioc\u00e8se est en effet invit\u00e9 \u00e0 vivre [&hellip;]<\/p>\n","protected":false},"author":1,"featured_media":5733,"comment_status":"closed","ping_status":"closed","sticky":false,"template":"","format":"standard","meta":{"footnotes":""},"categories":[37,28],"tags":[],"post_folder":[],"class_list":{"0":"post-6242","1":"post","2":"type-post","3":"status-publish","4":"format-standard","5":"has-post-thumbnail","7":"category-evenements","8":"category-pardon","9":"czr-hentry"},"_links":{"self":[{"href":"https:\/\/www.paroisse-sjeg.fr\/index.php\/wp-json\/wp\/v2\/posts\/6242","targetHints":{"allow":["GET"]}}],"collection":[{"href":"https:\/\/www.paroisse-sjeg.fr\/index.php\/wp-json\/wp\/v2\/posts"}],"about":[{"href":"https:\/\/www.paroisse-sjeg.fr\/index.php\/wp-json\/wp\/v2\/types\/post"}],"author":[{"embeddable":true,"href":"https:\/\/www.paroisse-sjeg.fr\/index.php\/wp-json\/wp\/v2\/users\/1"}],"replies":[{"embeddable":true,"href":"https:\/\/www.paroisse-sjeg.fr\/index.php\/wp-json\/wp\/v2\/comments?post=6242"}],"version-history":[{"count":1,"href":"https:\/\/www.paroisse-sjeg.fr\/index.php\/wp-json\/wp\/v2\/posts\/6242\/revisions"}],"predecessor-version":[{"id":6243,"href":"https:\/\/www.paroisse-sjeg.fr\/index.php\/wp-json\/wp\/v2\/posts\/6242\/revisions\/6243"}],"wp:featuredmedia":[{"embeddable":true,"href":"https:\/\/www.paroisse-sjeg.fr\/index.php\/wp-json\/wp\/v2\/media\/5733"}],"wp:attachment":[{"href":"https:\/\/www.paroisse-sjeg.fr\/index.php\/wp-json\/wp\/v2\/media?parent=6242"}],"wp:term":[{"taxonomy":"category","embeddable":true,"href":"https:\/\/www.paroisse-sjeg.fr\/index.php\/wp-json\/wp\/v2\/categories?post=6242"},{"taxonomy":"post_tag","embeddable":true,"href":"https:\/\/www.paroisse-sjeg.fr\/index.php\/wp-json\/wp\/v2\/tags?post=6242"},{"taxonomy":"post_folder","embeddable":true,"href":"https:\/\/www.paroisse-sjeg.fr\/index.php\/wp-json\/wp\/v2\/post_folder?post=6242"}],"curies":[{"name":"wp","href":"https:\/\/api.w.org\/{rel}","templated":true}]}}