{"id":6123,"date":"2022-02-06T20:10:38","date_gmt":"2022-02-06T19:10:38","guid":{"rendered":"https:\/\/www.paroisse-sjeg.fr\/?p=6123"},"modified":"2022-02-06T20:10:42","modified_gmt":"2022-02-06T19:10:42","slug":"reperes-pour-un-monde-deboussole","status":"publish","type":"post","link":"https:\/\/www.paroisse-sjeg.fr\/index.php\/reperes-pour-un-monde-deboussole\/","title":{"rendered":"Rep\u00e8res pour un monde d\u00e9boussol\u00e9"},"content":{"rendered":"\n<p>Mardi prochain \u00e0 20h, dans la salle paroissiale de La Chapelle sur Erdre, ne ratez pas le rendez-vous des \u00ab\u00a0Rep\u00e8res pour un monde d\u00e9boussol\u00e9\u00a0\u00bb, au programme : Le sens de la sexualit\u00e9, le plaisir, le consentement, la pudeur.<\/p>\n","protected":false},"excerpt":{"rendered":"<p>Mardi prochain \u00e0 20h, dans la salle paroissiale de La Chapelle sur Erdre, ne ratez pas le rendez-vous des \u00ab\u00a0Rep\u00e8res pour un monde d\u00e9boussol\u00e9\u00a0\u00bb, au programme : Le sens de la sexualit\u00e9, le plaisir, le consentement, la pudeur.<\/p>\n","protected":false},"author":1,"featured_media":5978,"comment_status":"closed","ping_status":"closed","sticky":false,"template":"","format":"standard","meta":{"footnotes":""},"categories":[37],"tags":[],"post_folder":[],"class_list":{"0":"post-6123","1":"post","2":"type-post","3":"status-publish","4":"format-standard","5":"has-post-thumbnail","7":"category-evenements","8":"czr-hentry"},"_links":{"self":[{"href":"https:\/\/www.paroisse-sjeg.fr\/index.php\/wp-json\/wp\/v2\/posts\/6123","targetHints":{"allow":["GET"]}}],"collection":[{"href":"https:\/\/www.paroisse-sjeg.fr\/index.php\/wp-json\/wp\/v2\/posts"}],"about":[{"href":"https:\/\/www.paroisse-sjeg.fr\/index.php\/wp-json\/wp\/v2\/types\/post"}],"author":[{"embeddable":true,"href":"https:\/\/www.paroisse-sjeg.fr\/index.php\/wp-json\/wp\/v2\/users\/1"}],"replies":[{"embeddable":true,"href":"https:\/\/www.paroisse-sjeg.fr\/index.php\/wp-json\/wp\/v2\/comments?post=6123"}],"version-history":[{"count":1,"href":"https:\/\/www.paroisse-sjeg.fr\/index.php\/wp-json\/wp\/v2\/posts\/6123\/revisions"}],"predecessor-version":[{"id":6124,"href":"https:\/\/www.paroisse-sjeg.fr\/index.php\/wp-json\/wp\/v2\/posts\/6123\/revisions\/6124"}],"wp:featuredmedia":[{"embeddable":true,"href":"https:\/\/www.paroisse-sjeg.fr\/index.php\/wp-json\/wp\/v2\/media\/5978"}],"wp:attachment":[{"href":"https:\/\/www.paroisse-sjeg.fr\/index.php\/wp-json\/wp\/v2\/media?parent=6123"}],"wp:term":[{"taxonomy":"category","embeddable":true,"href":"https:\/\/www.paroisse-sjeg.fr\/index.php\/wp-json\/wp\/v2\/categories?post=6123"},{"taxonomy":"post_tag","embeddable":true,"href":"https:\/\/www.paroisse-sjeg.fr\/index.php\/wp-json\/wp\/v2\/tags?post=6123"},{"taxonomy":"post_folder","embeddable":true,"href":"https:\/\/www.paroisse-sjeg.fr\/index.php\/wp-json\/wp\/v2\/post_folder?post=6123"}],"curies":[{"name":"wp","href":"https:\/\/api.w.org\/{rel}","templated":true}]}}