{"id":5955,"date":"2021-11-13T07:59:59","date_gmt":"2021-11-13T06:59:59","guid":{"rendered":"https:\/\/www.paroisse-sjeg.fr\/?p=5955"},"modified":"2021-11-16T10:08:01","modified_gmt":"2021-11-16T09:08:01","slug":"dimanche-en-paroisse-28-novembre-a-la-chapelle-sur-erdre","status":"publish","type":"post","link":"https:\/\/www.paroisse-sjeg.fr\/index.php\/dimanche-en-paroisse-28-novembre-a-la-chapelle-sur-erdre\/","title":{"rendered":"Dimanche en paroisse 28 novembre \u00e0 La Chapelle sur Erdre"},"content":{"rendered":"\n<h1 class=\"wp-block-heading\" id=\"mce_0\">Programme de la journ\u00e9e<\/h1>\n\n\n\n<p>9h30 &#8211; Acceuil dans la salle paroissiale avec caf\u00e9 &#8211; brioche<\/p>\n\n\n\n<p>10h00 Louange &#8211; t\u00e9moignage &#8211; topo pour adultes<\/p>\n\n\n\n<p>11h00 &#8211; Messe festive \u00e0 l\u2019\u00e9glise en famille<br>12h00 &#8211; Ap\u00e9ritif suivi d\u2019un repas partag\u00e9 : chacun apporte un plat, un dessert, du vin, pour mettre en commun\u2026<\/p>\n\n\n\n<figure class=\"wp-block-image size-full\"><img loading=\"lazy\" decoding=\"async\" width=\"1024\" height=\"724\" src=\"https:\/\/www.paroisse-sjeg.fr\/wp-content\/uploads\/2021\/11\/DeP-novembre-2021-A4-pdf.jpg\" alt=\"thumbnail of DeP novembre 2021 (A4)\" class=\"wp-image-5962\" srcset=\"https:\/\/www.paroisse-sjeg.fr\/wp-content\/uploads\/2021\/11\/DeP-novembre-2021-A4-pdf.jpg 1024w, https:\/\/www.paroisse-sjeg.fr\/wp-content\/uploads\/2021\/11\/DeP-novembre-2021-A4-pdf-300x212.jpg 300w, https:\/\/www.paroisse-sjeg.fr\/wp-content\/uploads\/2021\/11\/DeP-novembre-2021-A4-pdf-768x543.jpg 768w, https:\/\/www.paroisse-sjeg.fr\/wp-content\/uploads\/2021\/11\/DeP-novembre-2021-A4-pdf-600x424.jpg 600w\" sizes=\"auto, (max-width: 1024px) 100vw, 1024px\" \/><\/figure>\n","protected":false},"excerpt":{"rendered":"<p>Programme de la journ\u00e9e 9h30 &#8211; Acceuil dans la salle paroissiale avec caf\u00e9 &#8211; brioche 10h00 Louange &#8211; t\u00e9moignage &#8211; topo pour adultes 11h00 &#8211; Messe festive \u00e0 l\u2019\u00e9glise en famille12h00 &#8211; Ap\u00e9ritif suivi d\u2019un repas partag\u00e9 : chacun apporte un plat, un dessert, du vin, pour mettre en commun\u2026<\/p>\n","protected":false},"author":1,"featured_media":5958,"comment_status":"closed","ping_status":"closed","sticky":false,"template":"","format":"standard","meta":{"footnotes":""},"categories":[37],"tags":[],"post_folder":[],"class_list":{"0":"post-5955","1":"post","2":"type-post","3":"status-publish","4":"format-standard","5":"has-post-thumbnail","7":"category-evenements","8":"czr-hentry"},"_links":{"self":[{"href":"https:\/\/www.paroisse-sjeg.fr\/index.php\/wp-json\/wp\/v2\/posts\/5955","targetHints":{"allow":["GET"]}}],"collection":[{"href":"https:\/\/www.paroisse-sjeg.fr\/index.php\/wp-json\/wp\/v2\/posts"}],"about":[{"href":"https:\/\/www.paroisse-sjeg.fr\/index.php\/wp-json\/wp\/v2\/types\/post"}],"author":[{"embeddable":true,"href":"https:\/\/www.paroisse-sjeg.fr\/index.php\/wp-json\/wp\/v2\/users\/1"}],"replies":[{"embeddable":true,"href":"https:\/\/www.paroisse-sjeg.fr\/index.php\/wp-json\/wp\/v2\/comments?post=5955"}],"version-history":[{"count":5,"href":"https:\/\/www.paroisse-sjeg.fr\/index.php\/wp-json\/wp\/v2\/posts\/5955\/revisions"}],"predecessor-version":[{"id":5966,"href":"https:\/\/www.paroisse-sjeg.fr\/index.php\/wp-json\/wp\/v2\/posts\/5955\/revisions\/5966"}],"wp:featuredmedia":[{"embeddable":true,"href":"https:\/\/www.paroisse-sjeg.fr\/index.php\/wp-json\/wp\/v2\/media\/5958"}],"wp:attachment":[{"href":"https:\/\/www.paroisse-sjeg.fr\/index.php\/wp-json\/wp\/v2\/media?parent=5955"}],"wp:term":[{"taxonomy":"category","embeddable":true,"href":"https:\/\/www.paroisse-sjeg.fr\/index.php\/wp-json\/wp\/v2\/categories?post=5955"},{"taxonomy":"post_tag","embeddable":true,"href":"https:\/\/www.paroisse-sjeg.fr\/index.php\/wp-json\/wp\/v2\/tags?post=5955"},{"taxonomy":"post_folder","embeddable":true,"href":"https:\/\/www.paroisse-sjeg.fr\/index.php\/wp-json\/wp\/v2\/post_folder?post=5955"}],"curies":[{"name":"wp","href":"https:\/\/api.w.org\/{rel}","templated":true}]}}