{"id":5387,"date":"2021-04-28T17:23:25","date_gmt":"2021-04-28T16:23:25","guid":{"rendered":"https:\/\/www.paroisse-sjeg.fr\/?p=5387"},"modified":"2021-04-28T17:23:29","modified_gmt":"2021-04-28T16:23:29","slug":"parcours-de-consecration-tout-a-jesus-par-marie-2","status":"publish","type":"post","link":"https:\/\/www.paroisse-sjeg.fr\/index.php\/parcours-de-consecration-tout-a-jesus-par-marie-2\/","title":{"rendered":"Parcours de cons\u00e9cration \u00ab Tout \u00e0 J\u00e9sus \u00bb (par Marie)"},"content":{"rendered":"\n<p>En cette approche du mois de mai, voici une proposition de parcours qui pourrait vous toucher profond\u00e9ment.<\/p>\n\n\n\n<p>Ce parcours permet de vivre chaque jour un v\u00e9ritable temps de pri\u00e8re et de cons\u00e9cration. Il suffit pour cela de se laisser porter par la vid\u00e9o, et de s\u2019abandonner dans les bras du Seigneur.<\/p>\n\n\n\n<p>D\u2019une dur\u00e9e de 30 jours, il s\u2019effectue sous l\u2019action de l\u2019Esprit Saint et par l\u2019intercession de la Vierge Marie. <a href=\"https:\/\/www.youtube.com\/playlist?list=PLRxn1KQ18NM5KNvaAdVYS6a9g0UkTXb07\" target=\"_blank\" rel=\"noreferrer noopener\">https:\/\/www.youtube.com\/playlist?list=PLRxn1KQ18NM5KNvaAdVYS6a9g0UkTXb07<\/a><\/p>\n\n\n\n<p><em>Ce parcours est r\u00e9alis\u00e9 par le p\u00e8re Alexis Wiehe (dioc\u00e8se de Fr\u00e9jus-Toulon).<\/em><\/p>\n\n\n\n<p><em>En le commen\u00e7ant le 1er mai, vous pourrez vivre tout le mois de mai \u00e0 l\u2019\u00e9cole de Marie, \u00ab&nbsp;Tout \u00e0 J\u00e9sus&nbsp;\u00bb.<\/em><\/p>\n\n\n\n<p>Tr\u00e8s beau mois de mai \u00e0 tous, dans l\u2019amour de J\u00e9sus.<\/p>\n","protected":false},"excerpt":{"rendered":"<p>En cette approche du mois de mai, voici une proposition de parcours qui pourrait vous toucher profond\u00e9ment. Ce parcours permet de vivre chaque jour un v\u00e9ritable temps de pri\u00e8re et de cons\u00e9cration. Il suffit pour cela de se laisser porter par la vid\u00e9o, et de s\u2019abandonner dans les bras du Seigneur. D\u2019une dur\u00e9e de 30 [&hellip;]<\/p>\n","protected":false},"author":1,"featured_media":2943,"comment_status":"closed","ping_status":"closed","sticky":false,"template":"","format":"standard","meta":{"footnotes":""},"categories":[37],"tags":[],"post_folder":[],"class_list":{"0":"post-5387","1":"post","2":"type-post","3":"status-publish","4":"format-standard","5":"has-post-thumbnail","7":"category-evenements","8":"czr-hentry"},"_links":{"self":[{"href":"https:\/\/www.paroisse-sjeg.fr\/index.php\/wp-json\/wp\/v2\/posts\/5387","targetHints":{"allow":["GET"]}}],"collection":[{"href":"https:\/\/www.paroisse-sjeg.fr\/index.php\/wp-json\/wp\/v2\/posts"}],"about":[{"href":"https:\/\/www.paroisse-sjeg.fr\/index.php\/wp-json\/wp\/v2\/types\/post"}],"author":[{"embeddable":true,"href":"https:\/\/www.paroisse-sjeg.fr\/index.php\/wp-json\/wp\/v2\/users\/1"}],"replies":[{"embeddable":true,"href":"https:\/\/www.paroisse-sjeg.fr\/index.php\/wp-json\/wp\/v2\/comments?post=5387"}],"version-history":[{"count":0,"href":"https:\/\/www.paroisse-sjeg.fr\/index.php\/wp-json\/wp\/v2\/posts\/5387\/revisions"}],"wp:featuredmedia":[{"embeddable":true,"href":"https:\/\/www.paroisse-sjeg.fr\/index.php\/wp-json\/wp\/v2\/media\/2943"}],"wp:attachment":[{"href":"https:\/\/www.paroisse-sjeg.fr\/index.php\/wp-json\/wp\/v2\/media?parent=5387"}],"wp:term":[{"taxonomy":"category","embeddable":true,"href":"https:\/\/www.paroisse-sjeg.fr\/index.php\/wp-json\/wp\/v2\/categories?post=5387"},{"taxonomy":"post_tag","embeddable":true,"href":"https:\/\/www.paroisse-sjeg.fr\/index.php\/wp-json\/wp\/v2\/tags?post=5387"},{"taxonomy":"post_folder","embeddable":true,"href":"https:\/\/www.paroisse-sjeg.fr\/index.php\/wp-json\/wp\/v2\/post_folder?post=5387"}],"curies":[{"name":"wp","href":"https:\/\/api.w.org\/{rel}","templated":true}]}}