{"id":5305,"date":"2021-04-06T20:15:14","date_gmt":"2021-04-06T19:15:14","guid":{"rendered":"https:\/\/www.paroisse-sjeg.fr\/?p=5305"},"modified":"2021-04-06T20:15:31","modified_gmt":"2021-04-06T19:15:31","slug":"un-projet-de-film-documentaire-sur-le-reveil-spirituel-en-prison","status":"publish","type":"post","link":"https:\/\/www.paroisse-sjeg.fr\/index.php\/un-projet-de-film-documentaire-sur-le-reveil-spirituel-en-prison\/","title":{"rendered":"Un projet de film documentaire sur le r\u00e9veil spirituel en prison"},"content":{"rendered":"\n<p>Aujourd\u2019hui, les Parcours Alpha Prison sont en plein d\u00e9veloppement ! En 2016, on ne comptait que 2 Parcours. Nous sommes pass\u00e9s \u00e0 10 en 2018\u2026et on devait&nbsp;passer \u00e0 20 en 2020 (avant Covid)! Cette croissance porte des fruits visibles, les histoires les plus touchantes sont si nombreuses. Pour d\u00e9velopper encore Alpha Prison et permettre ainsi \u00e0 des prisonniers&nbsp;de faire LA rencontre d\u00e9cisive qui transformera leur vie, nous avons besoin d\u2019un outil de pr\u00e9sentation des Parcours Alpha Prison.<br>Cet outil, c\u2019est un documentaire de 30 minutes&nbsp;qui doit \u00eatre r\u00e9alis\u00e9 avant l\u2019\u00e9t\u00e9 2021&nbsp;et qui&nbsp;visera \u00e0&nbsp;<strong>d\u00e9velopper le travail d\u2019\u00e9vang\u00e9lisation qui se fait dans les prisons.<\/strong><br>Avec ce documentaire, nous esp\u00e9rons :<\/p>\n\n\n\n<ul class=\"wp-block-list\" id=\"block-5b716f39-fb5f-420f-aa84-e5f8b04ec8ae\"><li>convaincre de nouvelles aum\u00f4neries et de nouveaux b\u00e9n\u00e9voles de se lancer avec Alpha Prison ;\u00a0<\/li><li>sensibiliser les 30 000 b\u00e9n\u00e9voles qui servent dans un Parcours Alpha afin qu\u2019ils puissent un jour, eux aussi, accueillir les apprentis disciples-missionnaires venant de prison.<\/li><\/ul>\n\n\n\n<p>Pour cela, nous avons besoin de&nbsp;<a rel=\"noreferrer noopener\" href=\"https:\/\/www.credofunding.fr\/fr\/les-chaines-brisees\" target=\"_blank\">votre soutien<\/a>.<\/p>\n\n\n\n<p>PS : Vos dons sont d\u00e9ductibles des imp\u00f4ts ! Merci !<\/p>\n\n\n\n<figure class=\"wp-block-embed is-type-video is-provider-youtube wp-block-embed-youtube wp-embed-aspect-16-9 wp-has-aspect-ratio\"><div class=\"wp-block-embed__wrapper\">\n<iframe loading=\"lazy\" title=\"Les cha\u00eenes bris\u00e9es\" width=\"1170\" height=\"658\" src=\"https:\/\/www.youtube.com\/embed\/zitp7ITD7ek?feature=oembed\" frameborder=\"0\" allow=\"accelerometer; autoplay; clipboard-write; encrypted-media; gyroscope; picture-in-picture; web-share\" referrerpolicy=\"strict-origin-when-cross-origin\" allowfullscreen><\/iframe>\n<\/div><\/figure>\n","protected":false},"excerpt":{"rendered":"<p>Aujourd\u2019hui, les Parcours Alpha Prison sont en plein d\u00e9veloppement ! En 2016, on ne comptait que 2 Parcours. Nous sommes pass\u00e9s \u00e0 10 en 2018\u2026et on devait&nbsp;passer \u00e0 20 en 2020 (avant Covid)! Cette croissance porte des fruits visibles, les histoires les plus touchantes sont si nombreuses. Pour d\u00e9velopper encore Alpha Prison et permettre ainsi [&hellip;]<\/p>\n","protected":false},"author":1,"featured_media":3147,"comment_status":"closed","ping_status":"closed","sticky":false,"template":"","format":"standard","meta":{"footnotes":""},"categories":[37],"tags":[],"post_folder":[],"class_list":{"0":"post-5305","1":"post","2":"type-post","3":"status-publish","4":"format-standard","5":"has-post-thumbnail","7":"category-evenements","8":"czr-hentry"},"_links":{"self":[{"href":"https:\/\/www.paroisse-sjeg.fr\/index.php\/wp-json\/wp\/v2\/posts\/5305","targetHints":{"allow":["GET"]}}],"collection":[{"href":"https:\/\/www.paroisse-sjeg.fr\/index.php\/wp-json\/wp\/v2\/posts"}],"about":[{"href":"https:\/\/www.paroisse-sjeg.fr\/index.php\/wp-json\/wp\/v2\/types\/post"}],"author":[{"embeddable":true,"href":"https:\/\/www.paroisse-sjeg.fr\/index.php\/wp-json\/wp\/v2\/users\/1"}],"replies":[{"embeddable":true,"href":"https:\/\/www.paroisse-sjeg.fr\/index.php\/wp-json\/wp\/v2\/comments?post=5305"}],"version-history":[{"count":0,"href":"https:\/\/www.paroisse-sjeg.fr\/index.php\/wp-json\/wp\/v2\/posts\/5305\/revisions"}],"wp:featuredmedia":[{"embeddable":true,"href":"https:\/\/www.paroisse-sjeg.fr\/index.php\/wp-json\/wp\/v2\/media\/3147"}],"wp:attachment":[{"href":"https:\/\/www.paroisse-sjeg.fr\/index.php\/wp-json\/wp\/v2\/media?parent=5305"}],"wp:term":[{"taxonomy":"category","embeddable":true,"href":"https:\/\/www.paroisse-sjeg.fr\/index.php\/wp-json\/wp\/v2\/categories?post=5305"},{"taxonomy":"post_tag","embeddable":true,"href":"https:\/\/www.paroisse-sjeg.fr\/index.php\/wp-json\/wp\/v2\/tags?post=5305"},{"taxonomy":"post_folder","embeddable":true,"href":"https:\/\/www.paroisse-sjeg.fr\/index.php\/wp-json\/wp\/v2\/post_folder?post=5305"}],"curies":[{"name":"wp","href":"https:\/\/api.w.org\/{rel}","templated":true}]}}