{"id":5086,"date":"2021-12-18T05:32:00","date_gmt":"2021-12-18T04:32:00","guid":{"rendered":"https:\/\/www.paroisse-sjeg.fr\/?p=5086"},"modified":"2021-12-19T09:00:58","modified_gmt":"2021-12-19T08:00:58","slug":"matinees-bibliques","status":"publish","type":"post","link":"https:\/\/www.paroisse-sjeg.fr\/index.php\/matinees-bibliques\/","title":{"rendered":"Matin\u00e9es bibliques"},"content":{"rendered":"\n<p><strong>La paroisse vous propose des \u00ab\u00a0Matin\u00e9es bibliques\u00a0\u00bb pour d\u00e9couvrir tous les livres de la bible :<\/strong><\/p>\n\n\n\n<p><strong>&#8211; soit en pr\u00e9sentiel le jeudi matin 10h au presbyt\u00e8re de La Chapelle sur Erdre.<\/strong><\/p>\n\n\n\n<p><strong>&#8211; soit en vid\u00e9o : toutes les s\u00e9ances sont enregistr\u00e9es et accessibles \u00e0 partir du lien suivant : <a href=\"https:\/\/sacrements.fr\/formationlivresbible.php\">https:\/\/sacrements.fr\/formationlivresbible.php<\/a><\/strong><\/p>\n","protected":false},"excerpt":{"rendered":"<p>La paroisse vous propose des \u00ab\u00a0Matin\u00e9es bibliques\u00a0\u00bb pour d\u00e9couvrir tous les livres de la bible : &#8211; soit en pr\u00e9sentiel le jeudi matin 10h au presbyt\u00e8re de La Chapelle sur Erdre. &#8211; soit en vid\u00e9o : toutes les s\u00e9ances sont enregistr\u00e9es et accessibles \u00e0 partir du lien suivant : https:\/\/sacrements.fr\/formationlivresbible.php<\/p>\n","protected":false},"author":1,"featured_media":1039,"comment_status":"closed","ping_status":"closed","sticky":false,"template":"","format":"standard","meta":{"footnotes":""},"categories":[37],"tags":[],"post_folder":[],"class_list":{"0":"post-5086","1":"post","2":"type-post","3":"status-publish","4":"format-standard","5":"has-post-thumbnail","7":"category-evenements","8":"czr-hentry"},"_links":{"self":[{"href":"https:\/\/www.paroisse-sjeg.fr\/index.php\/wp-json\/wp\/v2\/posts\/5086","targetHints":{"allow":["GET"]}}],"collection":[{"href":"https:\/\/www.paroisse-sjeg.fr\/index.php\/wp-json\/wp\/v2\/posts"}],"about":[{"href":"https:\/\/www.paroisse-sjeg.fr\/index.php\/wp-json\/wp\/v2\/types\/post"}],"author":[{"embeddable":true,"href":"https:\/\/www.paroisse-sjeg.fr\/index.php\/wp-json\/wp\/v2\/users\/1"}],"replies":[{"embeddable":true,"href":"https:\/\/www.paroisse-sjeg.fr\/index.php\/wp-json\/wp\/v2\/comments?post=5086"}],"version-history":[{"count":6,"href":"https:\/\/www.paroisse-sjeg.fr\/index.php\/wp-json\/wp\/v2\/posts\/5086\/revisions"}],"predecessor-version":[{"id":6030,"href":"https:\/\/www.paroisse-sjeg.fr\/index.php\/wp-json\/wp\/v2\/posts\/5086\/revisions\/6030"}],"wp:featuredmedia":[{"embeddable":true,"href":"https:\/\/www.paroisse-sjeg.fr\/index.php\/wp-json\/wp\/v2\/media\/1039"}],"wp:attachment":[{"href":"https:\/\/www.paroisse-sjeg.fr\/index.php\/wp-json\/wp\/v2\/media?parent=5086"}],"wp:term":[{"taxonomy":"category","embeddable":true,"href":"https:\/\/www.paroisse-sjeg.fr\/index.php\/wp-json\/wp\/v2\/categories?post=5086"},{"taxonomy":"post_tag","embeddable":true,"href":"https:\/\/www.paroisse-sjeg.fr\/index.php\/wp-json\/wp\/v2\/tags?post=5086"},{"taxonomy":"post_folder","embeddable":true,"href":"https:\/\/www.paroisse-sjeg.fr\/index.php\/wp-json\/wp\/v2\/post_folder?post=5086"}],"curies":[{"name":"wp","href":"https:\/\/api.w.org\/{rel}","templated":true}]}}