{"id":4360,"date":"2020-09-23T13:23:22","date_gmt":"2020-09-23T11:23:22","guid":{"rendered":"https:\/\/www.paroisse-sjeg.fr\/?p=4360"},"modified":"2020-09-23T13:23:24","modified_gmt":"2020-09-23T11:23:24","slug":"pour-nos-soeurs-les-abeilles","status":"publish","type":"post","link":"https:\/\/www.paroisse-sjeg.fr\/index.php\/pour-nos-soeurs-les-abeilles\/","title":{"rendered":"Pour nos s\u0153urs les abeilles\u2026"},"content":{"rendered":"\n<p>Etre chr\u00e9tien, s\u2019est aussi s\u2019engager pour pr\u00e9server notre plan\u00e8te. Il ne suffit pas de prier pour nos dirigeants, mais bien aussi de les aider en s\u2019engageant \u00e0 leur c\u00f4t\u00e9 en donnant notre avis. C\u2019est ce que le groupe Laudato Si vous propose de faire, en vous associant au mouvement d\u2019interpellation de nos dirigeants par rapport \u00e0 certains produits tueurs d\u2019abeilles, dont l\u2019usage, pourtant interdit, vient d\u2019\u00eatre \u00e0 nouveau autoris\u00e9 sous la pression de certains lobbies. Prenez le temps de lire les documents ci-dessous\u2026 et de suivre le lien <a href=\"https:\/\/www.agirpourlenvironnement.org\/communiques-presse\/re-autorisation-des-pesticides-neonicotinoides-pres-de-50-000-participants-31203\">https:\/\/www.agirpourlenvironnement.org\/communiques-presse\/re-autorisation-des-pesticides-neonicotinoides-pres-de-50-000-participants-31203<\/a>.<\/p>\n\n\n\n<p>Vous pourrez ensuite agir par internet ou par courrier, aupr\u00e8s des ministres de l\u2019Agriculture et de la Transition Ecologique\u00a0!<\/p>\n\n\n\n<figure class=\"wp-block-image size-large\"><img loading=\"lazy\" decoding=\"async\" width=\"1024\" height=\"683\" src=\"https:\/\/www.paroisse-sjeg.fr\/wp-content\/uploads\/2020\/09\/ruche-abeille-butineuse-1024x683.jpg\" alt=\"\" class=\"wp-image-4365\" srcset=\"https:\/\/www.paroisse-sjeg.fr\/wp-content\/uploads\/2020\/09\/ruche-abeille-butineuse-1024x683.jpg 1024w, https:\/\/www.paroisse-sjeg.fr\/wp-content\/uploads\/2020\/09\/ruche-abeille-butineuse-300x200.jpg 300w, https:\/\/www.paroisse-sjeg.fr\/wp-content\/uploads\/2020\/09\/ruche-abeille-butineuse-768x512.jpg 768w, https:\/\/www.paroisse-sjeg.fr\/wp-content\/uploads\/2020\/09\/ruche-abeille-butineuse-600x400.jpg 600w, https:\/\/www.paroisse-sjeg.fr\/wp-content\/uploads\/2020\/09\/ruche-abeille-butineuse.jpg 1200w\" sizes=\"auto, (max-width: 1024px) 100vw, 1024px\" \/><\/figure>\n\n\n<a href=\"https:\/\/www.paroisse-sjeg.fr\/wp-content\/uploads\/2020\/09\/Pour-nos-soeurs-les-abeilles....pdf\" class=\"pdfemb-viewer\" style=\"\" data-width=\"max\" data-height=\"max\" data-toolbar=\"both\" data-toolbar-fixed=\"on\">Pour-nos-soeurs-les-abeilles&#8230;<\/a>\n<p class=\"wp-block-pdfemb-pdf-embedder-viewer\"><\/p>\n","protected":false},"excerpt":{"rendered":"<p>Etre chr\u00e9tien, s\u2019est aussi s\u2019engager pour pr\u00e9server notre plan\u00e8te. Il ne suffit pas de prier pour nos dirigeants, mais bien aussi de les aider en s\u2019engageant \u00e0 leur c\u00f4t\u00e9 en donnant notre avis. C\u2019est ce que le groupe Laudato Si vous propose de faire, en vous associant au mouvement d\u2019interpellation de nos dirigeants par rapport [&hellip;]<\/p>\n","protected":false},"author":1,"featured_media":4365,"comment_status":"closed","ping_status":"closed","sticky":false,"template":"","format":"standard","meta":{"footnotes":""},"categories":[37],"tags":[],"post_folder":[],"class_list":{"0":"post-4360","1":"post","2":"type-post","3":"status-publish","4":"format-standard","5":"has-post-thumbnail","7":"category-evenements","8":"czr-hentry"},"_links":{"self":[{"href":"https:\/\/www.paroisse-sjeg.fr\/index.php\/wp-json\/wp\/v2\/posts\/4360","targetHints":{"allow":["GET"]}}],"collection":[{"href":"https:\/\/www.paroisse-sjeg.fr\/index.php\/wp-json\/wp\/v2\/posts"}],"about":[{"href":"https:\/\/www.paroisse-sjeg.fr\/index.php\/wp-json\/wp\/v2\/types\/post"}],"author":[{"embeddable":true,"href":"https:\/\/www.paroisse-sjeg.fr\/index.php\/wp-json\/wp\/v2\/users\/1"}],"replies":[{"embeddable":true,"href":"https:\/\/www.paroisse-sjeg.fr\/index.php\/wp-json\/wp\/v2\/comments?post=4360"}],"version-history":[{"count":0,"href":"https:\/\/www.paroisse-sjeg.fr\/index.php\/wp-json\/wp\/v2\/posts\/4360\/revisions"}],"wp:featuredmedia":[{"embeddable":true,"href":"https:\/\/www.paroisse-sjeg.fr\/index.php\/wp-json\/wp\/v2\/media\/4365"}],"wp:attachment":[{"href":"https:\/\/www.paroisse-sjeg.fr\/index.php\/wp-json\/wp\/v2\/media?parent=4360"}],"wp:term":[{"taxonomy":"category","embeddable":true,"href":"https:\/\/www.paroisse-sjeg.fr\/index.php\/wp-json\/wp\/v2\/categories?post=4360"},{"taxonomy":"post_tag","embeddable":true,"href":"https:\/\/www.paroisse-sjeg.fr\/index.php\/wp-json\/wp\/v2\/tags?post=4360"},{"taxonomy":"post_folder","embeddable":true,"href":"https:\/\/www.paroisse-sjeg.fr\/index.php\/wp-json\/wp\/v2\/post_folder?post=4360"}],"curies":[{"name":"wp","href":"https:\/\/api.w.org\/{rel}","templated":true}]}}