{"id":4270,"date":"2020-09-02T09:51:22","date_gmt":"2020-09-02T07:51:22","guid":{"rendered":"https:\/\/www.paroisse-sjeg.fr\/?p=4270"},"modified":"2020-09-02T09:51:24","modified_gmt":"2020-09-02T07:51:24","slug":"saison-de-la-creation","status":"publish","type":"post","link":"https:\/\/www.paroisse-sjeg.fr\/index.php\/saison-de-la-creation\/","title":{"rendered":"Saison de la Cr\u00e9ation"},"content":{"rendered":"\n<h3 class=\"wp-block-heading\">Qu\u2019est-ce que la \u00ab Saison de la Cr\u00e9ation \u00bb ?<\/h3>\n\n\n\n<p>Initialement appel\u00e9 \u00ab<strong> Temps pour la cr\u00e9ation<\/strong> \u00bb, la \u00ab Saison de la cr\u00e9ation \u00bb est un temps oecum\u00e9nique, allant du 1er septembre au 4 octobre (la f\u00eate de saint Fran\u00e7ois d\u2019Assise).\u00a0<br>En 2020, un th\u00e8me ancr\u00e9 dans le contexte de la crise du Covid-19 : \u00ab <strong>Le jubil\u00e9 pour la terre<\/strong> \u00bb. Durant le confinement, li\u00e9 \u00e0 la pand\u00e9mie, on a pu observer un \u201csoulagement\u201d de la terre avec notamment le retour d\u2019esp\u00e8ces sauvages (dauphins \u00e0 Venise, biches en ville, renardeaux au p\u00e8re Lachaise\u2026). C\u2019est pourquoi une r\u00e9flexion autour d\u2019un temps de repos, sans \u00eatre contraints par des catastrophes, est devenu n\u00e9cessaire.<br>RCF donne ainsi dans ses programmes une large place \u00e0 ces questions d\u2019\u00e9cologie et de \u00ab jubil\u00e9 pour la terre \u00bb et ce d\u00e8s le 1er septembre.<br>Plus d&rsquo;informations <a rel=\"noreferrer noopener\" href=\"https:\/\/www.egliseverte.org\/actualites\/saison-de-la-creation-2020-2\/\" target=\"_blank\">ici<\/a><\/p>\n\n\n\n<h3 class=\"wp-block-heading\">D\u00e9couvrez la programmation compl\u00e8te autour du \u00ab jubil\u00e9 pour la terre \u00bb<\/h3>\n\n\n\n<p><a rel=\"noreferrer noopener\" href=\"https:\/\/rcf.fr\/spiritualite\/le-ba-ba-du-christianisme\" target=\"_blank\">Le B.A.BA du christianisme<\/a><br>\u00c9mission anim\u00e9e Pauline de Torsiac le lundi \u00e0 13h30<br>&#8211;>\u00a0Lundi 7 septembre : \u00ab<strong>\u00a0Pourquoi trouve t&rsquo;on deux r\u00e9cits de la Cr\u00e9ation dans la Bible\u00a0? <\/strong>\u00bb avec Philippe Abadie, pr\u00eatre du dioc\u00e8se de Mende, professeur \u00e0 la facult\u00e9 de th\u00e9ologie de l&rsquo;universit\u00e9 catholique de Lyon et directeur des \u00e9tudes. \u00c9l\u00e8ve titulaire de l&rsquo;\u00c9cole Biblique et Arch\u00e9ologique fran\u00e7aise de J\u00e9rusalem, il est sp\u00e9cialiste de la litt\u00e9rature biblique tardive et de l&rsquo;apocalyptique juive.<\/p>\n\n\n\n<p>Commune plan\u00e8te<br>\u00c9mission diffus\u00e9e tous les samedis \u00e0 10h (Version nationale le samedi \u00e0 22h45 et le dimanche \u00e0 20h45)<br>&#8211;>\u00a0Samedi 5 septembre : \u201cAgir pour la cr\u00e9ation, une n\u00e9cessit\u00e9 dans la vie d\u2019un chr\u00e9tien\u201d.<br>Zoom sur des initiatives locales (en lien notamment avec le label \u00c9glise verte) \u00e0 10h et focus national avec Laura Morosini, charg\u00e9e de mission \u00c9glise verte au niveau national \u00e0 22h45 puis le dimanche 6 \u00e0 20h45.<br>&#8211;>\u00a0Samedi 3 octobre : \u201c<strong>Poursuivre l\u2019engagement pour la cr\u00e9ation<\/strong>\u201d.<br>A l\u2019occasion de la cl\u00f4ture de la saison de la cr\u00e9ation le 4 octobre, jour de la f\u00eate de Saint Fran\u00e7ois Xavier, Commune plan\u00e8te se demande comment faire de l\u2019engagement pour la cr\u00e9ation un incontournable de la vie quotidienne.<\/p>\n\n\n\n<p>Commune conversion<br>\u00c9mission anim\u00e9e par Anne Kerl\u00e9o le mardi \u00e0 21h (une fois par mois)<br>&#8211;>\u00a0Mardi 15 septembre : rencontre avec\u00a0<strong>Blandine et Arthur qui t\u00e9moignent de leur itin\u00e9raire amoureux de conversion \u00e9colo<\/strong>.\u00a0Lui, l\u2019ing\u00e9nieur parisien de bonne famille et elle, la jeune cadre \u00e0 la D\u00e9fense sont aujourd\u2019hui po\u00e8tes-mara\u00eechers et gardiens de la cr\u00e9ation. Ils ont racont\u00e9 leur conversion \u00e9cologique dans le livre \u201cEt lentement, tout bascule\u201d.<br>Commune conversion est une s\u00e9rie de portraits de personnes qui ont v\u00e9cu une prise de conscience de l\u2019urgence \u00e9cologique qui a r\u00e9orient\u00e9 leur vie.<\/p>\n\n\n\n<p>Je pense donc j\u2019agis<br>\u00c9mission<em> anim\u00e9e par Melchior Gormand tous les jours de 9h \u00e0 11h<\/em><br>&#8211;>\u00a0Vendredi 4 septembre : \u00ab\u00a0<strong>La crise \u00e9cologique vue \u00e0 travers le texte de l\u2019apocalypse<\/strong>\u201d avec Fabien Revol, th\u00e9ologien, sp\u00e9cialiste de la th\u00e9ologie de la cr\u00e9ation. Co-anim\u00e9e avec V\u00e9ronique Alzieu<br>&#8211;>\u00a0Lundi 7 septembre : \u00ab <strong>Un jubil\u00e9 pour la terre<\/strong> \u00bb (th\u00e8me du mois de la cr\u00e9ation) avec Martin Kopp, th\u00e9ologien protestant de la d\u00e9croissane. Co-anim\u00e9e avec Anne Kerl\u00e9o<br>&#8211;>\u00a0Lundi 14 septembre : \u00ab <strong>O\u00f9 atterrir apr\u00e8s la pand\u00e9mie ?<\/strong>\u00bb A partir d\u2019une grille de questions propos\u00e9e par le philosophe Bruno Latour, \u00c9glise verte invite chacun pendant la Saison de la cr\u00e9ation \u00e0 faire un inventaire de sa vie pour discerner ce qui compte vraiment dans le monde d\u2019apr\u00e8s. Co-anim\u00e9e avec Anne Kerl\u00e9o<br>&#8211;>\u00a0Mercredi 16 septembre : \u00ab <strong>Quelle transition \u00e9cologique pour le monde de la culture ? <\/strong>\u00bb Co-anim\u00e9e avec St\u00e9phanie Gallet<br>&#8211;>\u00a0Lundi 28 septembre : \u00ab <strong>Comprendre et vivre l\u2019\u00e9cologie \u00e0 l\u2019\u00e9cole de Laudato Si ? <\/strong>\u00bb avec Mahaut et Johannes Hermann \u00e0 l\u2019occasion de la sortie de leur livre \u201cComprendre et vivre l\u2019\u00e9cologie &#8211; 52 semaines avec Laudato Si\u201d aux \u00e9ditions de l\u2019Emmanuel. Co-anim\u00e9e avec Anne Kerl\u00e9o<\/p>\n\n\n\n<p>Un pr\u00eatre vous r\u00e9pond<br>\u00c9mission anim\u00e9e par Bruno Fumat le mercredi \u00e0 21h<br>&#8211;>\u00a0Mercredi 16 septembre : \u00ab\u00a0<strong>La Cr\u00e9ation<\/strong>\u00a0\u00bb\u00a0avec le P\u00e8re Pierre Brugidou du dioc\u00e8se de Montpellier.<\/p>\n\n\n\n<p>La\u00a0Suite de l\u2019histoire<br>\u00c9mission<em> anim\u00e9e par V\u00e9ronique Alzieu tous les jours \u00e0 13h15 et 22h45<\/em><br>&#8211;>\u00a0Semaine du 23 septembre : s\u00e9rie sur \u00ab <strong>l\u2019Histoire de la d\u00e9croissance<\/strong> \u00bb avec Timoth\u00e9e Duverger, ma\u00eetre de conf\u00e9rences associ\u00e9 \u00e0 Sciences Po Bordeaux<\/p>\n\n\n\n<p>Visages<br>\u00c9mission<em> anim\u00e9e par Thierry Lyonnet le lundi \u00e0 21h, mercredi \u00e0 16h et \u00e0 19h<\/em><br>&#8211;>\u00a0Lundi 21 septembre : \u00ab <strong>Henri de Pazzis, paysan po\u00e8te<\/strong> \u00bb Henri de Pazzis est agriculteur, producteur de bl\u00e9 ancien et po\u00e8te. Apr\u00e8s avoir fond\u00e9 et dirig\u00e9 pendant plus de 25 ans Pronatura, le 1er r\u00e9seau de mara\u00eechers et d&rsquo;agriculteurs biologiques, il s&rsquo;est enti\u00e8rement consacr\u00e9 au \u00ab\u00a0Bl\u00e9 libre\u00a0\u00bb comme il aime \u00e0 dire.<\/p>\n\n\n<a href=\"https:\/\/www.paroisse-sjeg.fr\/wp-content\/uploads\/2020\/09\/Intentions-de-priere-Saison-de-la-creation.pdf\" class=\"pdfemb-viewer\" style=\"\" data-width=\"max\" data-height=\"max\" data-toolbar=\"both\" data-toolbar-fixed=\"on\">Intentions-de-priere-Saison-de-la-creation<\/a>\n<p class=\"wp-block-pdfemb-pdf-embedder-viewer\"><\/p>\n","protected":false},"excerpt":{"rendered":"<p>Qu\u2019est-ce que la \u00ab Saison de la Cr\u00e9ation \u00bb ? Initialement appel\u00e9 \u00ab Temps pour la cr\u00e9ation \u00bb, la \u00ab Saison de la cr\u00e9ation \u00bb est un temps oecum\u00e9nique, allant du 1er septembre au 4 octobre (la f\u00eate de saint Fran\u00e7ois d\u2019Assise).\u00a0En 2020, un th\u00e8me ancr\u00e9 dans le contexte de la crise du Covid-19 : [&hellip;]<\/p>\n","protected":false},"author":1,"featured_media":4272,"comment_status":"closed","ping_status":"closed","sticky":false,"template":"","format":"standard","meta":{"footnotes":""},"categories":[37],"tags":[],"post_folder":[],"class_list":{"0":"post-4270","1":"post","2":"type-post","3":"status-publish","4":"format-standard","5":"has-post-thumbnail","7":"category-evenements","8":"czr-hentry"},"_links":{"self":[{"href":"https:\/\/www.paroisse-sjeg.fr\/index.php\/wp-json\/wp\/v2\/posts\/4270","targetHints":{"allow":["GET"]}}],"collection":[{"href":"https:\/\/www.paroisse-sjeg.fr\/index.php\/wp-json\/wp\/v2\/posts"}],"about":[{"href":"https:\/\/www.paroisse-sjeg.fr\/index.php\/wp-json\/wp\/v2\/types\/post"}],"author":[{"embeddable":true,"href":"https:\/\/www.paroisse-sjeg.fr\/index.php\/wp-json\/wp\/v2\/users\/1"}],"replies":[{"embeddable":true,"href":"https:\/\/www.paroisse-sjeg.fr\/index.php\/wp-json\/wp\/v2\/comments?post=4270"}],"version-history":[{"count":0,"href":"https:\/\/www.paroisse-sjeg.fr\/index.php\/wp-json\/wp\/v2\/posts\/4270\/revisions"}],"wp:featuredmedia":[{"embeddable":true,"href":"https:\/\/www.paroisse-sjeg.fr\/index.php\/wp-json\/wp\/v2\/media\/4272"}],"wp:attachment":[{"href":"https:\/\/www.paroisse-sjeg.fr\/index.php\/wp-json\/wp\/v2\/media?parent=4270"}],"wp:term":[{"taxonomy":"category","embeddable":true,"href":"https:\/\/www.paroisse-sjeg.fr\/index.php\/wp-json\/wp\/v2\/categories?post=4270"},{"taxonomy":"post_tag","embeddable":true,"href":"https:\/\/www.paroisse-sjeg.fr\/index.php\/wp-json\/wp\/v2\/tags?post=4270"},{"taxonomy":"post_folder","embeddable":true,"href":"https:\/\/www.paroisse-sjeg.fr\/index.php\/wp-json\/wp\/v2\/post_folder?post=4270"}],"curies":[{"name":"wp","href":"https:\/\/api.w.org\/{rel}","templated":true}]}}