{"id":4013,"date":"2020-06-23T21:07:02","date_gmt":"2020-06-23T19:07:02","guid":{"rendered":"https:\/\/www.paroisse-sjeg.fr\/?p=4013"},"modified":"2020-06-23T21:11:51","modified_gmt":"2020-06-23T19:11:51","slug":"depart-de-soeur-josiane","status":"publish","type":"post","link":"https:\/\/www.paroisse-sjeg.fr\/index.php\/depart-de-soeur-josiane\/","title":{"rendered":"D\u00e9part de Soeur Josiane"},"content":{"rendered":"\n<p><strong>Marie-Th\u00e9r\u00e8se<\/strong><\/p>\n\n\n\n<p>Seigneur, que je chante ta louange et te rende gr\u00e2ce pour les eucharisties du dimanche et deux fois la semaine \u00e0 l&rsquo;oratoire.<\/p>\n\n\n\n<p>Merci pour les hom\u00e9lies, la Parole de Dieu partag\u00e9e,les chants, le soutien et la participation de l&rsquo;Assembl\u00e9e paroissiale chaque dimanche.<\/p>\n\n\n\n<p>Merci, pour le t\u00e9moignage des nombreux chr\u00e9tiens engag\u00e9s dans les services d&rsquo;Eglise pr\u00e9s des a\u00een\u00e9s, des adultes, des jeunes et des enfants en ACE ou cat\u00e9ch\u00e8se.<\/p>\n\n\n\n<p>Merci \u00e0 l&rsquo;\u00e9quipe MCR de la paroisse, depuis 9 ans pour les partges de vie, de foi, de la Parole de Dieu, des liens d&rsquo;amiti\u00e9 qui se sont cr\u00e9es et ont nourri la vie spirituelle.<\/p>\n\n\n\n<p>Merci \u00e0 la Communaut\u00e9, pour le partage quotidienne,de la pri\u00e8re, de la mission.<\/p>\n\n\n\n<p>Je vous quitte mais surtout nous resterions unis par l&rsquo;affection et la pri\u00e8re, les uns pour les autres.<\/p>\n\n\n\n<p><strong>Josiane<\/strong><\/p>\n\n\n\n<p>\u00a0 Depuis l&rsquo;annonce de mon d\u00e9part, l&rsquo;amiti\u00e9 que vous me portez, des paroles r\u00e9confortantes, un sourire, un mot encouragement.<\/p>\n\n\n\n<p>Oui un grand Merci \u00e0 tous.<\/p>\n\n\n\n<p>\u00a0 Une Religieuse apostolique est appel\u00e9e \u00e0 partir \u00ab\u00a0ailleurs\u00a0\u00bb. Partir n&rsquo;est pas toujours facile et un peu de tristesse.<\/p>\n\n\n\n<p>&nbsp; Le seigneur me dit \u00ab&nbsp;fais Confiance je suis avec toi&nbsp;\u00bb Oui \u00ab&nbsp; IN TE CONFIDO&nbsp;\u00bb en toi j&rsquo;ai confiance \u2013 ceci est inscrit sur notre croix Soeurs de St Gildas-<\/p>\n\n\n\n<p>&nbsp;Je rends gr\u00e2ces au Seigneur pour les quelques ann\u00e9es v\u00e9cues sur la Paroisse. Les rencontres, les partages, les temps de pri\u00e8res en pr\u00e9paration de liturgie, le service de communion, du conseil paroissiens, \u00ab&nbsp;avec toi maintenant&nbsp;\u00bb, et aussi l&nbsp;&lsquo;accompagnement des familles en deuil. Oui Seigneur je te rends gr\u00e2ces pour ce que tu as fais en moi et par moi.<\/p>\n\n\n\n<p>&nbsp;Vierge Marie, ma m\u00e8re, femme du silence tu mas appris, tu m&rsquo;apprends \u00e0 accueillir \u00e0 veiller \u00e0 contempler, \u00e0 dire \u00ab&nbsp;OUI&nbsp;\u00bb.<\/p>\n\n\n\n<p>&nbsp;&nbsp; Ce refrain que je chante en silence&nbsp;: Marie T\u00e9moin d&rsquo;une Esp\u00e9rance pour le Seigeur tu t&rsquo;es lev\u00e9e. Au sein du peuple de l&rsquo;Alliance, tu me fais signe d&rsquo;avancer. Toujours plus loin, toujours plus loin&#8230;<\/p>\n\n\n\n<p>&nbsp;&nbsp;&nbsp; Je garde une place dans mon c\u0153ur et ma pri\u00e8re pour vous tous. Que l&rsquo;Esprit de Dieu continue en chacun et chacune, son oeuvre d&rsquo;Amour.<\/p>\n\n\n\n<p>&nbsp;&nbsp;&nbsp;&nbsp;&nbsp;&nbsp;&nbsp;&nbsp;&nbsp;&nbsp;&nbsp;&nbsp;&nbsp;&nbsp;&nbsp;&nbsp;&nbsp;&nbsp;&nbsp;&nbsp;&nbsp;&nbsp;&nbsp;&nbsp;&nbsp;&nbsp;&nbsp;&nbsp;&nbsp;&nbsp;&nbsp;&nbsp;&nbsp;&nbsp;&nbsp;&nbsp;&nbsp;&nbsp;&nbsp;&nbsp;&nbsp;&nbsp;&nbsp;&nbsp;&nbsp;&nbsp;&nbsp;&nbsp;&nbsp;&nbsp;&nbsp;&nbsp;&nbsp;&nbsp;&nbsp;&nbsp;&nbsp;&nbsp;&nbsp;&nbsp;&nbsp;&nbsp;&nbsp;&nbsp;&nbsp;&nbsp;&nbsp;&nbsp;&nbsp;&nbsp; Merci \u00e0 tous.<\/p>\n","protected":false},"excerpt":{"rendered":"<p>Marie-Th\u00e9r\u00e8se Seigneur, que je chante ta louange et te rende gr\u00e2ce pour les eucharisties du dimanche et deux fois la semaine \u00e0 l&rsquo;oratoire. Merci pour les hom\u00e9lies, la Parole de Dieu partag\u00e9e,les chants, le soutien et la participation de l&rsquo;Assembl\u00e9e paroissiale chaque dimanche. Merci, pour le t\u00e9moignage des nombreux chr\u00e9tiens engag\u00e9s dans les services d&rsquo;Eglise [&hellip;]<\/p>\n","protected":false},"author":1,"featured_media":4016,"comment_status":"closed","ping_status":"closed","sticky":false,"template":"","format":"standard","meta":{"footnotes":""},"categories":[24,37],"tags":[],"post_folder":[],"class_list":{"0":"post-4013","1":"post","2":"type-post","3":"status-publish","4":"format-standard","5":"has-post-thumbnail","7":"category-adultes","8":"category-evenements","9":"czr-hentry"},"_links":{"self":[{"href":"https:\/\/www.paroisse-sjeg.fr\/index.php\/wp-json\/wp\/v2\/posts\/4013","targetHints":{"allow":["GET"]}}],"collection":[{"href":"https:\/\/www.paroisse-sjeg.fr\/index.php\/wp-json\/wp\/v2\/posts"}],"about":[{"href":"https:\/\/www.paroisse-sjeg.fr\/index.php\/wp-json\/wp\/v2\/types\/post"}],"author":[{"embeddable":true,"href":"https:\/\/www.paroisse-sjeg.fr\/index.php\/wp-json\/wp\/v2\/users\/1"}],"replies":[{"embeddable":true,"href":"https:\/\/www.paroisse-sjeg.fr\/index.php\/wp-json\/wp\/v2\/comments?post=4013"}],"version-history":[{"count":0,"href":"https:\/\/www.paroisse-sjeg.fr\/index.php\/wp-json\/wp\/v2\/posts\/4013\/revisions"}],"wp:featuredmedia":[{"embeddable":true,"href":"https:\/\/www.paroisse-sjeg.fr\/index.php\/wp-json\/wp\/v2\/media\/4016"}],"wp:attachment":[{"href":"https:\/\/www.paroisse-sjeg.fr\/index.php\/wp-json\/wp\/v2\/media?parent=4013"}],"wp:term":[{"taxonomy":"category","embeddable":true,"href":"https:\/\/www.paroisse-sjeg.fr\/index.php\/wp-json\/wp\/v2\/categories?post=4013"},{"taxonomy":"post_tag","embeddable":true,"href":"https:\/\/www.paroisse-sjeg.fr\/index.php\/wp-json\/wp\/v2\/tags?post=4013"},{"taxonomy":"post_folder","embeddable":true,"href":"https:\/\/www.paroisse-sjeg.fr\/index.php\/wp-json\/wp\/v2\/post_folder?post=4013"}],"curies":[{"name":"wp","href":"https:\/\/api.w.org\/{rel}","templated":true}]}}