{"id":3885,"date":"2020-05-31T12:26:07","date_gmt":"2020-05-31T10:26:07","guid":{"rendered":"https:\/\/www.paroisse-sjeg.fr\/?p=3885"},"modified":"2020-06-01T20:16:54","modified_gmt":"2020-06-01T18:16:54","slug":"les-eglises-chantent-une-benediction-sur-les-habitants-de-la-nation","status":"publish","type":"post","link":"https:\/\/www.paroisse-sjeg.fr\/index.php\/les-eglises-chantent-une-benediction-sur-les-habitants-de-la-nation\/","title":{"rendered":"Les \u00e9glises chantent une b\u00e9n\u00e9diction sur les habitants de la nation"},"content":{"rendered":"\n<p>Ce chant a \u00e9t\u00e9 r\u00e9alis\u00e9 par pr\u00e8s de 200 chanteurs pour b\u00e9nir la France. Ils incarnent plus de 100 \u00e9glises unies de pratiquement toutes les d\u00e9nominations chr\u00e9tiennes (catholiques, protestants, anglicans, \u00e9vang\u00e9liques, pentec\u00f4tistes et orthodoxes)&nbsp;de toute la France. Cette&nbsp;b\u00e9n\u00e9diction&nbsp;unique en son genre rassemble des louangeurs chevronn\u00e9s aux c\u00f4t\u00e9s de groupes amateurs ou familiaux pour couvrir de leur voix l\u2019ensemble du territoire fran\u00e7ais incluant l\u2019outre-mer.<br>&nbsp;<br>Ce chant sort aujourd\u2019hui, pour la Pentec\u00f4te, avec cette&nbsp;b\u00e9n\u00e9diction&nbsp;biblique issue du livre des Nombres 6.24-26: <strong>\u00ab&nbsp;Que le Seigneur te b\u00e9nisse et te garde! Que le Seigneur fasse rayonner sur toi son regard et t&rsquo;accorde sa gr\u00e2ce! Que le Seigneur porte sur toi son regard et te donne la paix.&nbsp;\u00bb<\/strong><br><br>Partagez largement ce lien (<a href=\"https:\/\/www.youtube.com\/watch?v=j1eCnolXi8s&amp;feature=youtu.be\">https:\/\/www.youtube.com\/watch?v=j1eCnolXi8s&amp;feature=youtu.be<\/a>) (par WhatsApp, Messenger, Instagram, FB, Twitter, email\u2026.) pour r\u00e9pandre la&nbsp;b\u00e9n\u00e9diction&nbsp;tout autour de vous, et \u00e0 travers ce chant b\u00e9nir la France.<br><br>Que la puissance de l\u2019Esprit Saint soit sur vous, sur vos \u00e9glises, sur vos r\u00e9gions, et que \u00ab La&nbsp;B\u00e9n\u00e9diction&nbsp;France \u00bb p\u00e9n\u00e8tre les maisons et donne \u00e0 chacun, voisin, coll\u00e8gue, famille, ami, la Paix et l\u2019Esp\u00e9rance qui vient de Dieu.<\/p>\n\n\n\n<figure class=\"wp-block-embed-youtube aligncenter wp-block-embed is-type-video is-provider-youtube wp-embed-aspect-16-9 wp-has-aspect-ratio\"><div class=\"wp-block-embed__wrapper\">\n<iframe loading=\"lazy\" title=\"La B\u00e9n\u00e9diction France - Les \u00e9glises chantent une b\u00e9n\u00e9diction sur les habitants de la nation\" width=\"1170\" height=\"658\" src=\"https:\/\/www.youtube.com\/embed\/j1eCnolXi8s?feature=oembed\" frameborder=\"0\" allow=\"accelerometer; autoplay; encrypted-media; gyroscope; picture-in-picture\" allowfullscreen><\/iframe>\n<\/div><figcaption>La B\u00e9n\u00e9diction France &#8211; Les \u00e9glises chantent une b\u00e9n\u00e9diction sur les habitants de la nation<\/figcaption><\/figure>\n\n\n\n<div class=\"wp-block-image\"><figure class=\"aligncenter size-large\"><img loading=\"lazy\" decoding=\"async\" width=\"575\" height=\"1024\" src=\"https:\/\/www.paroisse-sjeg.fr\/wp-content\/uploads\/2020\/05\/croix_mains.jpg\" alt=\"\" class=\"wp-image-3883\" srcset=\"https:\/\/www.paroisse-sjeg.fr\/wp-content\/uploads\/2020\/05\/croix_mains.jpg 575w, https:\/\/www.paroisse-sjeg.fr\/wp-content\/uploads\/2020\/05\/croix_mains-168x300.jpg 168w\" sizes=\"auto, (max-width: 575px) 100vw, 575px\" \/><\/figure><\/div>\n","protected":false},"excerpt":{"rendered":"<p>Ce chant a \u00e9t\u00e9 r\u00e9alis\u00e9 par pr\u00e8s de 200 chanteurs pour b\u00e9nir la France. Ils incarnent plus de 100 \u00e9glises unies de pratiquement toutes les d\u00e9nominations chr\u00e9tiennes (catholiques, protestants, anglicans, \u00e9vang\u00e9liques, pentec\u00f4tistes et orthodoxes)&nbsp;de toute la France. Cette&nbsp;b\u00e9n\u00e9diction&nbsp;unique en son genre rassemble des louangeurs chevronn\u00e9s aux c\u00f4t\u00e9s de groupes amateurs ou familiaux pour couvrir de [&hellip;]<\/p>\n","protected":false},"author":1,"featured_media":3883,"comment_status":"closed","ping_status":"closed","sticky":false,"template":"","format":"standard","meta":{"footnotes":""},"categories":[26,37],"tags":[],"post_folder":[],"class_list":{"0":"post-3885","1":"post","2":"type-post","3":"status-publish","4":"format-standard","5":"has-post-thumbnail","7":"category-celebrer","8":"category-evenements","9":"czr-hentry"},"_links":{"self":[{"href":"https:\/\/www.paroisse-sjeg.fr\/index.php\/wp-json\/wp\/v2\/posts\/3885","targetHints":{"allow":["GET"]}}],"collection":[{"href":"https:\/\/www.paroisse-sjeg.fr\/index.php\/wp-json\/wp\/v2\/posts"}],"about":[{"href":"https:\/\/www.paroisse-sjeg.fr\/index.php\/wp-json\/wp\/v2\/types\/post"}],"author":[{"embeddable":true,"href":"https:\/\/www.paroisse-sjeg.fr\/index.php\/wp-json\/wp\/v2\/users\/1"}],"replies":[{"embeddable":true,"href":"https:\/\/www.paroisse-sjeg.fr\/index.php\/wp-json\/wp\/v2\/comments?post=3885"}],"version-history":[{"count":0,"href":"https:\/\/www.paroisse-sjeg.fr\/index.php\/wp-json\/wp\/v2\/posts\/3885\/revisions"}],"wp:featuredmedia":[{"embeddable":true,"href":"https:\/\/www.paroisse-sjeg.fr\/index.php\/wp-json\/wp\/v2\/media\/3883"}],"wp:attachment":[{"href":"https:\/\/www.paroisse-sjeg.fr\/index.php\/wp-json\/wp\/v2\/media?parent=3885"}],"wp:term":[{"taxonomy":"category","embeddable":true,"href":"https:\/\/www.paroisse-sjeg.fr\/index.php\/wp-json\/wp\/v2\/categories?post=3885"},{"taxonomy":"post_tag","embeddable":true,"href":"https:\/\/www.paroisse-sjeg.fr\/index.php\/wp-json\/wp\/v2\/tags?post=3885"},{"taxonomy":"post_folder","embeddable":true,"href":"https:\/\/www.paroisse-sjeg.fr\/index.php\/wp-json\/wp\/v2\/post_folder?post=3885"}],"curies":[{"name":"wp","href":"https:\/\/api.w.org\/{rel}","templated":true}]}}