{"id":3742,"date":"2020-05-09T08:11:15","date_gmt":"2020-05-09T06:11:15","guid":{"rendered":"https:\/\/www.paroisse-sjeg.fr\/?p=3742"},"modified":"2020-05-10T10:35:23","modified_gmt":"2020-05-10T08:35:23","slug":"messe-dominicale-du-dimanche-10-mai-1045","status":"publish","type":"post","link":"https:\/\/www.paroisse-sjeg.fr\/index.php\/messe-dominicale-du-dimanche-10-mai-1045\/","title":{"rendered":"Messe dominicale du dimanche 10 mai 10:45"},"content":{"rendered":"\n<p>La c\u00e9l\u00e9bration du dimanche 10 mai sera enregistr\u00e9e \u00e0 8:00 dans l\u2019oratoire de presbyt\u00e8re et mis en ligne \u00e0 10:45.<br><a href=\"https:\/\/youtu.be\/_cqVsbrpTbA\">https:\/\/youtu.be\/_cqVsbrpTbA<\/a><\/p>\n\n\n\n<p>Feuille de chants: <br><a href=\"https:\/\/www.paroisse-sjeg.fr\/wp-content\/uploads\/2020\/05\/Messe-Dimanche-10-mai-2020.pdf\">https:\/\/www.paroisse-sjeg.fr\/wp-content\/uploads\/2020\/05\/Messe-Dimanche-10-mai-2020.pdf<\/a><\/p>\n\n\n\n<p><strong>Attention:<\/strong> La vid\u00e9o sera publique uniquement entre 10:45 et 11:45<\/p>\n\n\n\n<div class=\"wp-block-image is-style-rounded\"><figure class=\"aligncenter size-large is-resized\"><img loading=\"lazy\" decoding=\"async\" src=\"https:\/\/www.paroisse-sjeg.fr\/wp-content\/uploads\/2020\/03\/Sainte_Catherine.jpg\" alt=\"\" class=\"wp-image-3235\" width=\"478\" height=\"637\" srcset=\"https:\/\/www.paroisse-sjeg.fr\/wp-content\/uploads\/2020\/03\/Sainte_Catherine.jpg 600w, https:\/\/www.paroisse-sjeg.fr\/wp-content\/uploads\/2020\/03\/Sainte_Catherine-225x300.jpg 225w\" sizes=\"auto, (max-width: 478px) 100vw, 478px\" \/><\/figure><\/div>\n\n\n\n<h4 class=\"has-text-align-center wp-block-heading\">\u00c9vangile<\/h4>\n\n\n\n<h5 class=\"wp-block-heading\">\u00ab&nbsp;Je suis le Chemin, la V\u00e9rit\u00e9 et la Vie&nbsp;\u00bb (Jn 14,&nbsp;1-12)<\/h5>\n\n\n\n<p>\u00c9vangile de J\u00e9sus Christ selon saint Jean<\/p>\n\n\n\n<p>En ce temps-l\u00e0,<br>J\u00e9sus disait \u00e0 ses disciples&nbsp;:<br>&nbsp;&nbsp; &nbsp;\u00ab&nbsp;Que votre c\u0153ur ne soit pas boulevers\u00e9&nbsp;:<br>vous croyez en Dieu,<br>croyez aussi en moi.<br>&nbsp;&nbsp; &nbsp;Dans la maison de mon P\u00e8re,<br>il y a de nombreuses demeures&nbsp;;<br>sinon, vous aurais-je dit&nbsp;:<br>\u2018Je pars vous pr\u00e9parer une place\u2019&nbsp;?<br>&nbsp;&nbsp; &nbsp;Quand je serai parti vous pr\u00e9parer une place,<br>je reviendrai et je vous emm\u00e8nerai aupr\u00e8s de moi,<br>afin que l\u00e0 o\u00f9 je suis,<br>vous soyez, vous aussi.<br>&nbsp;&nbsp; &nbsp;Pour aller o\u00f9 je vais,<br>vous savez le chemin.&nbsp;\u00bb<br>&nbsp;&nbsp; &nbsp;Thomas lui dit&nbsp;:<br>\u00ab&nbsp;Seigneur, nous ne savons pas o\u00f9 tu vas.<br>Comment pourrions-nous savoir le chemin&nbsp;?&nbsp;\u00bb<br>&nbsp;&nbsp; &nbsp;J\u00e9sus lui r\u00e9pond&nbsp;:<br>\u00ab&nbsp;Moi, je suis le Chemin, la V\u00e9rit\u00e9 et la Vie&nbsp;;<br>personne ne va vers le P\u00e8re sans passer par moi.<br>&nbsp;&nbsp; &nbsp;Puisque vous me connaissez,<br>vous conna\u00eetrez aussi mon P\u00e8re.<br>D\u00e8s maintenant vous le connaissez,<br>et vous l\u2019avez vu.&nbsp;\u00bb<br>&nbsp;&nbsp; &nbsp;Philippe lui dit&nbsp;:<br>\u00ab&nbsp;Seigneur, montre-nous le P\u00e8re&nbsp;;<br>cela nous suffit.&nbsp;\u00bb<br>&nbsp;&nbsp; &nbsp;J\u00e9sus lui r\u00e9pond&nbsp;:<br>\u00ab&nbsp;Il y a si longtemps que je suis avec vous,<br>et tu ne me connais pas, Philippe&nbsp;!<br>Celui qui m\u2019a vu<br>a vu le P\u00e8re.<br>Comment peux-tu dire&nbsp;: \u2018Montre-nous le P\u00e8re\u2019&nbsp;?<br>&nbsp;&nbsp; &nbsp;Tu ne crois donc pas que je suis dans le P\u00e8re<br>et que le P\u00e8re est en moi&nbsp;!<br>Les paroles que je vous dis,<br>je ne les dis pas de moi-m\u00eame&nbsp;;<br>le P\u00e8re qui demeure en moi<br>fait ses propres \u0153uvres.<br>&nbsp;&nbsp; &nbsp;Croyez-moi&nbsp;:<br>je suis dans le P\u00e8re,<br>et le P\u00e8re est en moi&nbsp;;<br>si vous ne me croyez pas,<br>croyez du moins \u00e0 cause des \u0153uvres elles-m\u00eames.<br>&nbsp;&nbsp; &nbsp;Amen, amen, je vous le dis&nbsp;:<br>celui qui croit en moi<br>fera les \u0153uvres que je fais.<br>Il en fera m\u00eame de plus grandes,<br>parce que je pars vers le P\u00e8re&nbsp;\u00bb<\/p>\n","protected":false},"excerpt":{"rendered":"<p>La c\u00e9l\u00e9bration du dimanche 10 mai sera enregistr\u00e9e \u00e0 8:00 dans l\u2019oratoire de presbyt\u00e8re et mis en ligne \u00e0 10:45.https:\/\/youtu.be\/_cqVsbrpTbA Feuille de chants: https:\/\/www.paroisse-sjeg.fr\/wp-content\/uploads\/2020\/05\/Messe-Dimanche-10-mai-2020.pdf Attention: La vid\u00e9o sera publique uniquement entre 10:45 et 11:45 \u00c9vangile \u00ab&nbsp;Je suis le Chemin, la V\u00e9rit\u00e9 et la Vie&nbsp;\u00bb (Jn 14,&nbsp;1-12) \u00c9vangile de J\u00e9sus Christ selon saint Jean En ce [&hellip;]<\/p>\n","protected":false},"author":1,"featured_media":3536,"comment_status":"closed","ping_status":"closed","sticky":false,"template":"","format":"standard","meta":{"footnotes":""},"categories":[26,37],"tags":[],"post_folder":[],"class_list":{"0":"post-3742","1":"post","2":"type-post","3":"status-publish","4":"format-standard","5":"has-post-thumbnail","7":"category-celebrer","8":"category-evenements","9":"czr-hentry"},"_links":{"self":[{"href":"https:\/\/www.paroisse-sjeg.fr\/index.php\/wp-json\/wp\/v2\/posts\/3742","targetHints":{"allow":["GET"]}}],"collection":[{"href":"https:\/\/www.paroisse-sjeg.fr\/index.php\/wp-json\/wp\/v2\/posts"}],"about":[{"href":"https:\/\/www.paroisse-sjeg.fr\/index.php\/wp-json\/wp\/v2\/types\/post"}],"author":[{"embeddable":true,"href":"https:\/\/www.paroisse-sjeg.fr\/index.php\/wp-json\/wp\/v2\/users\/1"}],"replies":[{"embeddable":true,"href":"https:\/\/www.paroisse-sjeg.fr\/index.php\/wp-json\/wp\/v2\/comments?post=3742"}],"version-history":[{"count":0,"href":"https:\/\/www.paroisse-sjeg.fr\/index.php\/wp-json\/wp\/v2\/posts\/3742\/revisions"}],"wp:featuredmedia":[{"embeddable":true,"href":"https:\/\/www.paroisse-sjeg.fr\/index.php\/wp-json\/wp\/v2\/media\/3536"}],"wp:attachment":[{"href":"https:\/\/www.paroisse-sjeg.fr\/index.php\/wp-json\/wp\/v2\/media?parent=3742"}],"wp:term":[{"taxonomy":"category","embeddable":true,"href":"https:\/\/www.paroisse-sjeg.fr\/index.php\/wp-json\/wp\/v2\/categories?post=3742"},{"taxonomy":"post_tag","embeddable":true,"href":"https:\/\/www.paroisse-sjeg.fr\/index.php\/wp-json\/wp\/v2\/tags?post=3742"},{"taxonomy":"post_folder","embeddable":true,"href":"https:\/\/www.paroisse-sjeg.fr\/index.php\/wp-json\/wp\/v2\/post_folder?post=3742"}],"curies":[{"name":"wp","href":"https:\/\/api.w.org\/{rel}","templated":true}]}}