{"id":3667,"date":"2020-04-30T16:09:00","date_gmt":"2020-04-30T14:09:00","guid":{"rendered":"https:\/\/www.paroisse-sjeg.fr\/?p=3667"},"modified":"2020-05-01T16:10:06","modified_gmt":"2020-05-01T14:10:06","slug":"saint-jean-erdre-et-gesvres-en-priere-avril-2020","status":"publish","type":"post","link":"https:\/\/www.paroisse-sjeg.fr\/index.php\/saint-jean-erdre-et-gesvres-en-priere-avril-2020\/","title":{"rendered":"Saint Jean Erdre et Gesvres en pri\u00e8re Avril 2020"},"content":{"rendered":"\n<p>Ensemble, construisons la paroisse invisible.<\/p>\n\n\n\n<p class=\"has-text-align-right\"><em>P\u00e8re Philippe Girard<\/em><\/p>\n\n\n\n<figure class=\"wp-block-embed-youtube wp-block-embed is-type-video is-provider-youtube wp-embed-aspect-16-9 wp-has-aspect-ratio\"><div class=\"wp-block-embed__wrapper\">\n<iframe loading=\"lazy\" title=\"Paroisse invisible  - 30 avril\" width=\"1170\" height=\"658\" src=\"https:\/\/www.youtube.com\/embed\/dtrDE2I0tYA?feature=oembed\" frameborder=\"0\" allow=\"accelerometer; autoplay; encrypted-media; gyroscope; picture-in-picture\" allowfullscreen><\/iframe>\n<\/div><figcaption>30\/04\/2020<\/figcaption><\/figure>\n\n\n\n<figure class=\"wp-block-embed-youtube wp-block-embed is-type-video is-provider-youtube wp-embed-aspect-16-9 wp-has-aspect-ratio\"><div class=\"wp-block-embed__wrapper\">\n<iframe loading=\"lazy\" title=\"Paroisse invisible  - 29 avril\" width=\"1170\" height=\"658\" src=\"https:\/\/www.youtube.com\/embed\/TdZBhqo0Otc?feature=oembed\" frameborder=\"0\" allow=\"accelerometer; autoplay; encrypted-media; gyroscope; picture-in-picture\" allowfullscreen><\/iframe>\n<\/div><figcaption>29\/04\/2020<\/figcaption><\/figure>\n\n\n\n<figure class=\"wp-block-embed-youtube wp-block-embed is-type-video is-provider-youtube wp-embed-aspect-16-9 wp-has-aspect-ratio\"><div class=\"wp-block-embed__wrapper\">\n<iframe loading=\"lazy\" title=\"Paroisse invisible  - 28 avril\" width=\"1170\" height=\"658\" src=\"https:\/\/www.youtube.com\/embed\/KRDyIjhFVuw?feature=oembed\" frameborder=\"0\" allow=\"accelerometer; autoplay; encrypted-media; gyroscope; picture-in-picture\" allowfullscreen><\/iframe>\n<\/div><figcaption>28\/04\/2020<\/figcaption><\/figure>\n\n\n\n<figure class=\"wp-block-embed-youtube wp-block-embed is-type-video is-provider-youtube wp-embed-aspect-16-9 wp-has-aspect-ratio\"><div class=\"wp-block-embed__wrapper\">\n<iframe loading=\"lazy\" title=\"Paroisse invisible  - 27 avril\" width=\"1170\" height=\"658\" src=\"https:\/\/www.youtube.com\/embed\/3OwUPwoqYKs?feature=oembed\" frameborder=\"0\" allow=\"accelerometer; autoplay; encrypted-media; gyroscope; picture-in-picture\" allowfullscreen><\/iframe>\n<\/div><figcaption>27\/04\/2020<\/figcaption><\/figure>\n\n\n\n<figure class=\"wp-block-embed-youtube wp-block-embed is-type-video is-provider-youtube wp-embed-aspect-16-9 wp-has-aspect-ratio\"><div class=\"wp-block-embed__wrapper\">\n<iframe loading=\"lazy\" title=\"Paroisse invisible  - 25 avril\" width=\"1170\" height=\"658\" src=\"https:\/\/www.youtube.com\/embed\/YR95IA9rnIs?feature=oembed\" frameborder=\"0\" allow=\"accelerometer; autoplay; encrypted-media; gyroscope; picture-in-picture\" allowfullscreen><\/iframe>\n<\/div><figcaption>25\/04\/2020<\/figcaption><\/figure>\n\n\n\n<figure class=\"wp-block-embed-youtube wp-block-embed is-type-video is-provider-youtube wp-embed-aspect-16-9 wp-has-aspect-ratio\"><div class=\"wp-block-embed__wrapper\">\n<iframe loading=\"lazy\" title=\"Paroisse invisible - 24 avril\" width=\"1170\" height=\"658\" src=\"https:\/\/www.youtube.com\/embed\/BGU_1g-xWsE?feature=oembed\" frameborder=\"0\" allow=\"accelerometer; autoplay; encrypted-media; gyroscope; picture-in-picture\" allowfullscreen><\/iframe>\n<\/div><figcaption>24\/04\/2020<\/figcaption><\/figure>\n\n\n\n<figure class=\"wp-block-embed-youtube wp-block-embed is-type-video is-provider-youtube wp-embed-aspect-16-9 wp-has-aspect-ratio\"><div class=\"wp-block-embed__wrapper\">\n<iframe loading=\"lazy\" title=\"Paroisse invisible  - 23 avril\" width=\"1170\" height=\"658\" src=\"https:\/\/www.youtube.com\/embed\/mpsdKWztXoU?feature=oembed\" frameborder=\"0\" allow=\"accelerometer; autoplay; encrypted-media; gyroscope; picture-in-picture\" allowfullscreen><\/iframe>\n<\/div><figcaption>23\/04\/2020<\/figcaption><\/figure>\n\n\n\n<figure class=\"wp-block-embed-youtube wp-block-embed is-type-video is-provider-youtube wp-embed-aspect-16-9 wp-has-aspect-ratio\"><div class=\"wp-block-embed__wrapper\">\n<iframe loading=\"lazy\" title=\"Paroisse invisible  - 22 avril\" width=\"1170\" height=\"658\" src=\"https:\/\/www.youtube.com\/embed\/3yRRyJJIQ-k?feature=oembed\" frameborder=\"0\" allow=\"accelerometer; autoplay; encrypted-media; gyroscope; picture-in-picture\" allowfullscreen><\/iframe>\n<\/div><figcaption>22\/04\/2020<\/figcaption><\/figure>\n\n\n\n<figure class=\"wp-block-embed-youtube wp-block-embed is-type-video is-provider-youtube wp-embed-aspect-16-9 wp-has-aspect-ratio\"><div class=\"wp-block-embed__wrapper\">\n<iframe loading=\"lazy\" title=\"Paroisse invisible  - 21 avril\" width=\"1170\" height=\"658\" src=\"https:\/\/www.youtube.com\/embed\/VvYtadgxs68?feature=oembed\" frameborder=\"0\" allow=\"accelerometer; autoplay; encrypted-media; gyroscope; picture-in-picture\" allowfullscreen><\/iframe>\n<\/div><figcaption>21\/04\/2020<\/figcaption><\/figure>\n\n\n\n<figure class=\"wp-block-embed-youtube wp-block-embed is-type-video is-provider-youtube wp-embed-aspect-16-9 wp-has-aspect-ratio\"><div class=\"wp-block-embed__wrapper\">\n<iframe loading=\"lazy\" title=\"Paroisse invisible  - 20 avril\" width=\"1170\" height=\"658\" src=\"https:\/\/www.youtube.com\/embed\/l74u9F_E1gc?feature=oembed\" frameborder=\"0\" allow=\"accelerometer; autoplay; encrypted-media; gyroscope; picture-in-picture\" allowfullscreen><\/iframe>\n<\/div><figcaption>20\/04\/2020<\/figcaption><\/figure>\n\n\n\n<figure class=\"wp-block-embed-youtube wp-block-embed is-type-video is-provider-youtube wp-embed-aspect-16-9 wp-has-aspect-ratio\"><div class=\"wp-block-embed__wrapper\">\n<iframe loading=\"lazy\" title=\"Paroisse invisible  - 18 avril\" width=\"1170\" height=\"658\" src=\"https:\/\/www.youtube.com\/embed\/u97nOIcUm8U?feature=oembed\" frameborder=\"0\" allow=\"accelerometer; autoplay; encrypted-media; gyroscope; picture-in-picture\" allowfullscreen><\/iframe>\n<\/div><figcaption>18\/04\/2020<\/figcaption><\/figure>\n\n\n\n<figure class=\"wp-block-embed-youtube wp-block-embed is-type-video is-provider-youtube wp-embed-aspect-16-9 wp-has-aspect-ratio\"><div class=\"wp-block-embed__wrapper\">\n<iframe loading=\"lazy\" title=\"Paroisse invisible  - 17 avril\" width=\"1170\" height=\"658\" src=\"https:\/\/www.youtube.com\/embed\/_5AK-lkFbxI?feature=oembed\" frameborder=\"0\" allow=\"accelerometer; autoplay; encrypted-media; gyroscope; picture-in-picture\" allowfullscreen><\/iframe>\n<\/div><figcaption>17\/04\/2020<\/figcaption><\/figure>\n\n\n\n<figure class=\"wp-block-embed-youtube wp-block-embed is-type-video is-provider-youtube wp-embed-aspect-16-9 wp-has-aspect-ratio\"><div class=\"wp-block-embed__wrapper\">\n<iframe loading=\"lazy\" title=\"Paroisse invisible  - 16 avril\" width=\"1170\" height=\"658\" src=\"https:\/\/www.youtube.com\/embed\/PI6GcX6rlAk?feature=oembed\" frameborder=\"0\" allow=\"accelerometer; autoplay; encrypted-media; gyroscope; picture-in-picture\" allowfullscreen><\/iframe>\n<\/div><figcaption>16\/04\/2020<\/figcaption><\/figure>\n\n\n\n<figure class=\"wp-block-embed-youtube wp-block-embed is-type-video is-provider-youtube wp-embed-aspect-16-9 wp-has-aspect-ratio\"><div class=\"wp-block-embed__wrapper\">\n<iframe loading=\"lazy\" title=\"Paroisse invisible  - 15 avril\" width=\"1170\" height=\"658\" src=\"https:\/\/www.youtube.com\/embed\/IctkJpusfk0?feature=oembed\" frameborder=\"0\" allow=\"accelerometer; autoplay; encrypted-media; gyroscope; picture-in-picture\" allowfullscreen><\/iframe>\n<\/div><figcaption>15\/04\/2020<\/figcaption><\/figure>\n\n\n\n<figure class=\"wp-block-embed-youtube wp-block-embed is-type-video is-provider-youtube wp-embed-aspect-16-9 wp-has-aspect-ratio\"><div class=\"wp-block-embed__wrapper\">\n<iframe loading=\"lazy\" title=\"Paroisse invisible  - 14 avril\" width=\"1170\" height=\"658\" src=\"https:\/\/www.youtube.com\/embed\/Y4l3XKQ5jec?feature=oembed\" frameborder=\"0\" allow=\"accelerometer; autoplay; encrypted-media; gyroscope; picture-in-picture\" allowfullscreen><\/iframe>\n<\/div><figcaption>14\/04\/2020<\/figcaption><\/figure>\n\n\n\n<figure class=\"wp-block-embed-youtube wp-block-embed is-type-video is-provider-youtube wp-embed-aspect-16-9 wp-has-aspect-ratio\"><div class=\"wp-block-embed__wrapper\">\n<iframe loading=\"lazy\" title=\"Paroisse invisible  - 13 avril\" width=\"1170\" height=\"658\" src=\"https:\/\/www.youtube.com\/embed\/ZYoD0BYTY-c?feature=oembed\" frameborder=\"0\" allow=\"accelerometer; autoplay; encrypted-media; gyroscope; picture-in-picture\" allowfullscreen><\/iframe>\n<\/div><figcaption>13\/04\/2020<\/figcaption><\/figure>\n\n\n\n<p>D\u00e9marche de r\u00e9conciliation :<br>&#8211; pour les adultes : <a href=\"https:\/\/www.paroisse-sjeg.fr\/wp-content\/uploads\/2020\/04\/R\u00e9conciliation-2020.pdf\">https:\/\/www.paroisse-sjeg.fr\/wp-content\/uploads\/2020\/04\/R\u00e9conciliation-2020.pdf<\/a><br>&#8211; pour les enfants : <a href=\"https:\/\/www.paroisse-sjeg.fr\/wp-content\/uploads\/2020\/04\/R\u00e9conciliation-2020-enfants.pdf\">https:\/\/www.paroisse-sjeg.fr\/wp-content\/uploads\/2020\/04\/R\u00e9conciliation-2020-enfants.pdf<\/a><\/p>\n\n\n\n<figure class=\"wp-block-embed-youtube wp-block-embed is-type-video is-provider-youtube wp-embed-aspect-16-9 wp-has-aspect-ratio\"><div class=\"wp-block-embed__wrapper\">\n<iframe loading=\"lazy\" title=\"Paroisse invisible - 8 avril\" width=\"1170\" height=\"658\" src=\"https:\/\/www.youtube.com\/embed\/JRJZ5Oizpsw?feature=oembed\" frameborder=\"0\" allow=\"accelerometer; autoplay; encrypted-media; gyroscope; picture-in-picture\" allowfullscreen><\/iframe>\n<\/div><figcaption>8\/04\/2020<\/figcaption><\/figure>\n\n\n\n<figure class=\"wp-block-embed-youtube wp-block-embed is-type-video is-provider-youtube wp-embed-aspect-16-9 wp-has-aspect-ratio\"><div class=\"wp-block-embed__wrapper\">\n<iframe loading=\"lazy\" title=\"Paroisse invisible  - 7 avril\" width=\"1170\" height=\"658\" src=\"https:\/\/www.youtube.com\/embed\/tdrW4Hi2x-o?feature=oembed\" frameborder=\"0\" allow=\"accelerometer; autoplay; encrypted-media; gyroscope; picture-in-picture\" allowfullscreen><\/iframe>\n<\/div><figcaption>7\/04\/2020<\/figcaption><\/figure>\n\n\n\n<figure class=\"wp-block-embed-youtube wp-block-embed is-type-video is-provider-youtube wp-embed-aspect-16-9 wp-has-aspect-ratio\"><div class=\"wp-block-embed__wrapper\">\n<iframe loading=\"lazy\" title=\"Paroisse invisible  - 6 avril\" width=\"1170\" height=\"658\" src=\"https:\/\/www.youtube.com\/embed\/qau4g6GOeJ8?feature=oembed\" frameborder=\"0\" allow=\"accelerometer; autoplay; encrypted-media; gyroscope; picture-in-picture\" allowfullscreen><\/iframe>\n<\/div><figcaption>6\/04\/2020<\/figcaption><\/figure>\n\n\n\n<figure class=\"wp-block-embed-youtube wp-block-embed is-type-video is-provider-youtube wp-embed-aspect-16-9 wp-has-aspect-ratio\"><div class=\"wp-block-embed__wrapper\">\n<iframe loading=\"lazy\" title=\"Paroisse invisible  - 4 avril\" width=\"1170\" height=\"658\" src=\"https:\/\/www.youtube.com\/embed\/gMfz7tQzILk?feature=oembed\" frameborder=\"0\" allow=\"accelerometer; autoplay; encrypted-media; gyroscope; picture-in-picture\" allowfullscreen><\/iframe>\n<\/div><figcaption>4\/04\/2020<\/figcaption><\/figure>\n\n\n\n<figure class=\"wp-block-embed-youtube wp-block-embed is-type-video is-provider-youtube wp-embed-aspect-16-9 wp-has-aspect-ratio\"><div class=\"wp-block-embed__wrapper\">\n<iframe loading=\"lazy\" title=\"Paroisse invisible  - 3 avril\" width=\"1170\" height=\"658\" src=\"https:\/\/www.youtube.com\/embed\/f9M3NnA8nv0?feature=oembed\" frameborder=\"0\" allow=\"accelerometer; autoplay; encrypted-media; gyroscope; picture-in-picture\" allowfullscreen><\/iframe>\n<\/div><figcaption>3\/04\/2020<\/figcaption><\/figure>\n\n\n\n<figure class=\"wp-block-embed-youtube wp-block-embed is-type-video is-provider-youtube wp-embed-aspect-16-9 wp-has-aspect-ratio\"><div class=\"wp-block-embed__wrapper\">\n<iframe loading=\"lazy\" title=\"Paroisse invisible  - 2 avril\" width=\"1170\" height=\"658\" src=\"https:\/\/www.youtube.com\/embed\/Fvkpf-xg0i0?feature=oembed\" frameborder=\"0\" allow=\"accelerometer; autoplay; encrypted-media; gyroscope; picture-in-picture\" allowfullscreen><\/iframe>\n<\/div><figcaption>2\/04\/2020<\/figcaption><\/figure>\n\n\n\n<figure class=\"wp-block-embed-youtube wp-block-embed is-type-video is-provider-youtube wp-embed-aspect-16-9 wp-has-aspect-ratio\"><div class=\"wp-block-embed__wrapper\">\n<iframe loading=\"lazy\" title=\"Paroisse invisible  - 1er avril\" width=\"1170\" height=\"658\" src=\"https:\/\/www.youtube.com\/embed\/xTymyyCg-5k?feature=oembed\" frameborder=\"0\" allow=\"accelerometer; autoplay; encrypted-media; gyroscope; picture-in-picture\" allowfullscreen><\/iframe>\n<\/div><figcaption>1\/04\/2020<\/figcaption><\/figure>\n\n\n\n<p>Texte :<a href=\"https:\/\/www.paroisse-sjeg.fr\/wp-content\/uploads\/2020\/04\/retraite-2020-1.pdf\">https:\/\/www.paroisse-sjeg.fr\/wp-content\/uploads\/2020\/04\/retraite-2020-1.pdf<\/a> <\/p>\n","protected":false},"excerpt":{"rendered":"<p>Ensemble, construisons la paroisse invisible. P\u00e8re Philippe Girard D\u00e9marche de r\u00e9conciliation :&#8211; pour les adultes : https:\/\/www.paroisse-sjeg.fr\/wp-content\/uploads\/2020\/04\/R\u00e9conciliation-2020.pdf&#8211; pour les enfants : https:\/\/www.paroisse-sjeg.fr\/wp-content\/uploads\/2020\/04\/R\u00e9conciliation-2020-enfants.pdf Texte :https:\/\/www.paroisse-sjeg.fr\/wp-content\/uploads\/2020\/04\/retraite-2020-1.pdf<\/p>\n","protected":false},"author":1,"featured_media":3187,"comment_status":"closed","ping_status":"closed","sticky":false,"template":"","format":"standard","meta":{"footnotes":""},"categories":[37],"tags":[],"post_folder":[],"class_list":{"0":"post-3667","1":"post","2":"type-post","3":"status-publish","4":"format-standard","5":"has-post-thumbnail","7":"category-evenements","8":"czr-hentry"},"_links":{"self":[{"href":"https:\/\/www.paroisse-sjeg.fr\/index.php\/wp-json\/wp\/v2\/posts\/3667","targetHints":{"allow":["GET"]}}],"collection":[{"href":"https:\/\/www.paroisse-sjeg.fr\/index.php\/wp-json\/wp\/v2\/posts"}],"about":[{"href":"https:\/\/www.paroisse-sjeg.fr\/index.php\/wp-json\/wp\/v2\/types\/post"}],"author":[{"embeddable":true,"href":"https:\/\/www.paroisse-sjeg.fr\/index.php\/wp-json\/wp\/v2\/users\/1"}],"replies":[{"embeddable":true,"href":"https:\/\/www.paroisse-sjeg.fr\/index.php\/wp-json\/wp\/v2\/comments?post=3667"}],"version-history":[{"count":0,"href":"https:\/\/www.paroisse-sjeg.fr\/index.php\/wp-json\/wp\/v2\/posts\/3667\/revisions"}],"wp:featuredmedia":[{"embeddable":true,"href":"https:\/\/www.paroisse-sjeg.fr\/index.php\/wp-json\/wp\/v2\/media\/3187"}],"wp:attachment":[{"href":"https:\/\/www.paroisse-sjeg.fr\/index.php\/wp-json\/wp\/v2\/media?parent=3667"}],"wp:term":[{"taxonomy":"category","embeddable":true,"href":"https:\/\/www.paroisse-sjeg.fr\/index.php\/wp-json\/wp\/v2\/categories?post=3667"},{"taxonomy":"post_tag","embeddable":true,"href":"https:\/\/www.paroisse-sjeg.fr\/index.php\/wp-json\/wp\/v2\/tags?post=3667"},{"taxonomy":"post_folder","embeddable":true,"href":"https:\/\/www.paroisse-sjeg.fr\/index.php\/wp-json\/wp\/v2\/post_folder?post=3667"}],"curies":[{"name":"wp","href":"https:\/\/api.w.org\/{rel}","templated":true}]}}