{"id":3324,"date":"2020-03-24T20:48:20","date_gmt":"2020-03-24T18:48:20","guid":{"rendered":"https:\/\/www.paroisse-sjeg.fr\/?p=3324"},"modified":"2020-03-26T09:40:29","modified_gmt":"2020-03-26T07:40:29","slug":"messe-de-lannonciation-mercredi-25-mars-a-18h15","status":"publish","type":"post","link":"https:\/\/www.paroisse-sjeg.fr\/index.php\/messe-de-lannonciation-mercredi-25-mars-a-18h15\/","title":{"rendered":"Messe de l&rsquo;Annonciation mercredi 25 mars \u00e0 18h15"},"content":{"rendered":"\n<pre class=\"wp-block-preformatted\">La messe de l'Annonciation en direct, c\u00e9l\u00e9br\u00e9e par nos pr\u00eatres,  Philippe et Gaby. \n<a href=\"https:\/\/youtu.be\/pXNx2A3TCkY\">https:\/\/youtu.be\/pXNx2A3TCkY<\/a>\nAvec une partie du texte de l'hom\u00e9lie<\/pre>\n\n\n<a href=\"https:\/\/www.paroisse-sjeg.fr\/wp-content\/uploads\/2020\/03\/Texte-messe-25-mars.pdf\" class=\"pdfemb-viewer\" style=\"\" data-width=\"max\" data-height=\"max\" data-toolbar=\"both\" data-toolbar-fixed=\"on\">Texte-messe-25-mars<\/a>\n<p class=\"wp-block-pdfemb-pdf-embedder-viewer\"><\/p>\n\n\n\n<div class=\"wp-block-image\"><figure class=\"aligncenter size-large\"><img loading=\"lazy\" decoding=\"async\" width=\"319\" height=\"300\" src=\"https:\/\/www.paroisse-sjeg.fr\/wp-content\/uploads\/2020\/03\/botticelli_annonciation.jpg\" alt=\"\" class=\"wp-image-3326\" srcset=\"https:\/\/www.paroisse-sjeg.fr\/wp-content\/uploads\/2020\/03\/botticelli_annonciation.jpg 319w, https:\/\/www.paroisse-sjeg.fr\/wp-content\/uploads\/2020\/03\/botticelli_annonciation-300x282.jpg 300w\" sizes=\"auto, (max-width: 319px) 100vw, 319px\" \/><\/figure><\/div>\n\n\n\n<p>Feuille de chants<\/p>\n\n\n<a href=\"https:\/\/www.paroisse-sjeg.fr\/wp-content\/uploads\/2020\/03\/Messe-Mercredi-25-mars-2020.pdf\" class=\"pdfemb-viewer\" style=\"\" data-width=\"max\" data-height=\"max\" data-toolbar=\"both\" data-toolbar-fixed=\"on\">Messe-Mercredi-25-mars-2020<\/a>\n<p class=\"wp-block-pdfemb-pdf-embedder-viewer\"><\/p>\n","protected":false},"excerpt":{"rendered":"<p>La messe de l&rsquo;Annonciation en direct, c\u00e9l\u00e9br\u00e9e par nos pr\u00eatres, Philippe et Gaby. https:\/\/youtu.be\/pXNx2A3TCkY Avec une partie du texte de l&rsquo;hom\u00e9lie Feuille de chants<\/p>\n","protected":false},"author":1,"featured_media":3326,"comment_status":"closed","ping_status":"closed","sticky":false,"template":"","format":"standard","meta":{"footnotes":""},"categories":[26,37],"tags":[],"post_folder":[],"class_list":{"0":"post-3324","1":"post","2":"type-post","3":"status-publish","4":"format-standard","5":"has-post-thumbnail","7":"category-celebrer","8":"category-evenements","9":"czr-hentry"},"_links":{"self":[{"href":"https:\/\/www.paroisse-sjeg.fr\/index.php\/wp-json\/wp\/v2\/posts\/3324","targetHints":{"allow":["GET"]}}],"collection":[{"href":"https:\/\/www.paroisse-sjeg.fr\/index.php\/wp-json\/wp\/v2\/posts"}],"about":[{"href":"https:\/\/www.paroisse-sjeg.fr\/index.php\/wp-json\/wp\/v2\/types\/post"}],"author":[{"embeddable":true,"href":"https:\/\/www.paroisse-sjeg.fr\/index.php\/wp-json\/wp\/v2\/users\/1"}],"replies":[{"embeddable":true,"href":"https:\/\/www.paroisse-sjeg.fr\/index.php\/wp-json\/wp\/v2\/comments?post=3324"}],"version-history":[{"count":0,"href":"https:\/\/www.paroisse-sjeg.fr\/index.php\/wp-json\/wp\/v2\/posts\/3324\/revisions"}],"wp:featuredmedia":[{"embeddable":true,"href":"https:\/\/www.paroisse-sjeg.fr\/index.php\/wp-json\/wp\/v2\/media\/3326"}],"wp:attachment":[{"href":"https:\/\/www.paroisse-sjeg.fr\/index.php\/wp-json\/wp\/v2\/media?parent=3324"}],"wp:term":[{"taxonomy":"category","embeddable":true,"href":"https:\/\/www.paroisse-sjeg.fr\/index.php\/wp-json\/wp\/v2\/categories?post=3324"},{"taxonomy":"post_tag","embeddable":true,"href":"https:\/\/www.paroisse-sjeg.fr\/index.php\/wp-json\/wp\/v2\/tags?post=3324"},{"taxonomy":"post_folder","embeddable":true,"href":"https:\/\/www.paroisse-sjeg.fr\/index.php\/wp-json\/wp\/v2\/post_folder?post=3324"}],"curies":[{"name":"wp","href":"https:\/\/api.w.org\/{rel}","templated":true}]}}