{"id":3311,"date":"2020-03-24T11:10:49","date_gmt":"2020-03-24T09:10:49","guid":{"rendered":"https:\/\/www.paroisse-sjeg.fr\/?p=3311"},"modified":"2020-03-24T11:10:51","modified_gmt":"2020-03-24T09:10:51","slug":"illuminons-lannonciation-mercredi-25-mars-a-1930","status":"publish","type":"post","link":"https:\/\/www.paroisse-sjeg.fr\/index.php\/illuminons-lannonciation-mercredi-25-mars-a-1930\/","title":{"rendered":"Illuminons l\u2019Annonciation, mercredi 25 mars \u00e0 19:30"},"content":{"rendered":"\n<p class=\"has-text-align-center\">U<strong>n peu partout en France,\nles cloches de toutes les \u00e9glises sonneront pendant dix minutes, non pour\nappeler les fid\u00e8les \u00e0 s\u2019y rendre, mais pour manifester notre fraternit\u00e9 et\nnotre espoir commun. <\/strong><\/p>\n\n\n\n<p class=\"has-text-align-center\"><strong>Elles sonneront comme elles ont sonn\u00e9 aux grandes heures\nde notre histoire, la lib\u00e9ration par exemple. En r\u00e9ponse \u00e0 ce signe d\u2019espoir,\nnous invitons tous ceux qui le voudront \u00e0 allumer des bougies \u00e0 leur fen\u00eatre.\nce geste, qui est de tradition dans la ville de Lyon, est un signe d\u2019esp\u00e9rance\nqui transcende les convictions particuli\u00e8res: celui de la lumi\u00e8re qui brille\ndans les t\u00e9n\u00e8bres! <\/strong><\/p>\n\n\n\n<figure class=\"wp-block-image size-large\"><img loading=\"lazy\" decoding=\"async\" width=\"580\" height=\"378\" src=\"https:\/\/www.paroisse-sjeg.fr\/wp-content\/uploads\/2020\/03\/Bougies.png\" alt=\"\" class=\"wp-image-3314\" srcset=\"https:\/\/www.paroisse-sjeg.fr\/wp-content\/uploads\/2020\/03\/Bougies.png 580w, https:\/\/www.paroisse-sjeg.fr\/wp-content\/uploads\/2020\/03\/Bougies-300x196.png 300w\" sizes=\"auto, (max-width: 580px) 100vw, 580px\" \/><\/figure>\n","protected":false},"excerpt":{"rendered":"<p>Un peu partout en France, les cloches de toutes les \u00e9glises sonneront pendant dix minutes, non pour appeler les fid\u00e8les \u00e0 s\u2019y rendre, mais pour manifester notre fraternit\u00e9 et notre espoir commun. Elles sonneront comme elles ont sonn\u00e9 aux grandes heures de notre histoire, la lib\u00e9ration par exemple. En r\u00e9ponse \u00e0 ce signe d\u2019espoir, nous [&hellip;]<\/p>\n","protected":false},"author":1,"featured_media":3310,"comment_status":"closed","ping_status":"closed","sticky":false,"template":"","format":"standard","meta":{"footnotes":""},"categories":[37],"tags":[],"post_folder":[],"class_list":{"0":"post-3311","1":"post","2":"type-post","3":"status-publish","4":"format-standard","5":"has-post-thumbnail","7":"category-evenements","8":"czr-hentry"},"_links":{"self":[{"href":"https:\/\/www.paroisse-sjeg.fr\/index.php\/wp-json\/wp\/v2\/posts\/3311","targetHints":{"allow":["GET"]}}],"collection":[{"href":"https:\/\/www.paroisse-sjeg.fr\/index.php\/wp-json\/wp\/v2\/posts"}],"about":[{"href":"https:\/\/www.paroisse-sjeg.fr\/index.php\/wp-json\/wp\/v2\/types\/post"}],"author":[{"embeddable":true,"href":"https:\/\/www.paroisse-sjeg.fr\/index.php\/wp-json\/wp\/v2\/users\/1"}],"replies":[{"embeddable":true,"href":"https:\/\/www.paroisse-sjeg.fr\/index.php\/wp-json\/wp\/v2\/comments?post=3311"}],"version-history":[{"count":0,"href":"https:\/\/www.paroisse-sjeg.fr\/index.php\/wp-json\/wp\/v2\/posts\/3311\/revisions"}],"wp:featuredmedia":[{"embeddable":true,"href":"https:\/\/www.paroisse-sjeg.fr\/index.php\/wp-json\/wp\/v2\/media\/3310"}],"wp:attachment":[{"href":"https:\/\/www.paroisse-sjeg.fr\/index.php\/wp-json\/wp\/v2\/media?parent=3311"}],"wp:term":[{"taxonomy":"category","embeddable":true,"href":"https:\/\/www.paroisse-sjeg.fr\/index.php\/wp-json\/wp\/v2\/categories?post=3311"},{"taxonomy":"post_tag","embeddable":true,"href":"https:\/\/www.paroisse-sjeg.fr\/index.php\/wp-json\/wp\/v2\/tags?post=3311"},{"taxonomy":"post_folder","embeddable":true,"href":"https:\/\/www.paroisse-sjeg.fr\/index.php\/wp-json\/wp\/v2\/post_folder?post=3311"}],"curies":[{"name":"wp","href":"https:\/\/api.w.org\/{rel}","templated":true}]}}