{"id":3228,"date":"2020-03-19T21:38:36","date_gmt":"2020-03-19T19:38:36","guid":{"rendered":"https:\/\/www.paroisse-sjeg.fr\/?p=3228"},"modified":"2020-03-19T23:15:01","modified_gmt":"2020-03-19T21:15:01","slug":"chapelet-avec-le-saint-cure","status":"publish","type":"post","link":"https:\/\/www.paroisse-sjeg.fr\/index.php\/chapelet-avec-le-saint-cure\/","title":{"rendered":"Chapelet avec le Saint Cur\u00e9"},"content":{"rendered":"\n<pre class=\"wp-block-preformatted\">Le Pape Fran\u00e7ois nous invite tous \u00e0 r\u00e9citer le chapelet ce soir \u00e0 21h, pour rester unis spirituellement. \nPour cela, suivez le lien :\n<a href=\"http:\/\/www.arsnet.org\/Chapelet-avec-le-Saint-Cure.html\">http:\/\/www.arsnet.org\/Chapelet-avec-le-Saint-Cure.html<\/a>\nPetit rappel pratique : \n- une dizaine c'est 1 NP, 10 JVSM et 1 Gloire au p\u00e8re      \n- on commence par le Je crois en Dieu, 1 NP, 3 JVSM\nMerci \u00e0 vous !\nEn union de pri\u00e8re...\n<\/pre>\n\n\n\n<figure class=\"wp-block-image size-large\"><img loading=\"lazy\" decoding=\"async\" width=\"288\" height=\"192\" src=\"https:\/\/www.paroisse-sjeg.fr\/wp-content\/uploads\/2020\/03\/prier.jpg\" alt=\"\" class=\"wp-image-3230\"\/><\/figure>\n","protected":false},"excerpt":{"rendered":"<p>Le Pape Fran\u00e7ois nous invite tous \u00e0 r\u00e9citer le chapelet ce soir \u00e0 21h, pour rester unis spirituellement. Pour cela, suivez le lien : http:\/\/www.arsnet.org\/Chapelet-avec-le-Saint-Cure.html Petit rappel pratique : &#8211; une dizaine c&rsquo;est 1 NP, 10 JVSM et 1 Gloire au p\u00e8re &#8211; on commence par le Je crois en Dieu, 1 NP, 3 JVSM [&hellip;]<\/p>\n","protected":false},"author":1,"featured_media":3230,"comment_status":"closed","ping_status":"closed","sticky":false,"template":"","format":"standard","meta":{"footnotes":""},"categories":[37,28,4],"tags":[],"post_folder":[],"class_list":{"0":"post-3228","1":"post","2":"type-post","3":"status-publish","4":"format-standard","5":"has-post-thumbnail","7":"category-evenements","8":"category-pardon","9":"category-vivre-sa-foi","10":"czr-hentry"},"_links":{"self":[{"href":"https:\/\/www.paroisse-sjeg.fr\/index.php\/wp-json\/wp\/v2\/posts\/3228","targetHints":{"allow":["GET"]}}],"collection":[{"href":"https:\/\/www.paroisse-sjeg.fr\/index.php\/wp-json\/wp\/v2\/posts"}],"about":[{"href":"https:\/\/www.paroisse-sjeg.fr\/index.php\/wp-json\/wp\/v2\/types\/post"}],"author":[{"embeddable":true,"href":"https:\/\/www.paroisse-sjeg.fr\/index.php\/wp-json\/wp\/v2\/users\/1"}],"replies":[{"embeddable":true,"href":"https:\/\/www.paroisse-sjeg.fr\/index.php\/wp-json\/wp\/v2\/comments?post=3228"}],"version-history":[{"count":0,"href":"https:\/\/www.paroisse-sjeg.fr\/index.php\/wp-json\/wp\/v2\/posts\/3228\/revisions"}],"wp:featuredmedia":[{"embeddable":true,"href":"https:\/\/www.paroisse-sjeg.fr\/index.php\/wp-json\/wp\/v2\/media\/3230"}],"wp:attachment":[{"href":"https:\/\/www.paroisse-sjeg.fr\/index.php\/wp-json\/wp\/v2\/media?parent=3228"}],"wp:term":[{"taxonomy":"category","embeddable":true,"href":"https:\/\/www.paroisse-sjeg.fr\/index.php\/wp-json\/wp\/v2\/categories?post=3228"},{"taxonomy":"post_tag","embeddable":true,"href":"https:\/\/www.paroisse-sjeg.fr\/index.php\/wp-json\/wp\/v2\/tags?post=3228"},{"taxonomy":"post_folder","embeddable":true,"href":"https:\/\/www.paroisse-sjeg.fr\/index.php\/wp-json\/wp\/v2\/post_folder?post=3228"}],"curies":[{"name":"wp","href":"https:\/\/api.w.org\/{rel}","templated":true}]}}