{"id":2941,"date":"2020-02-03T08:32:51","date_gmt":"2020-02-03T06:32:51","guid":{"rendered":"https:\/\/www.paroisse-sjeg.fr\/?p=2941"},"modified":"2020-03-21T10:06:12","modified_gmt":"2020-03-21T08:06:12","slug":"veillee-de-louange","status":"publish","type":"post","link":"https:\/\/www.paroisse-sjeg.fr\/index.php\/veillee-de-louange\/","title":{"rendered":"Veill\u00e9e de Louange le samedi 16 mai 2020"},"content":{"rendered":"\n<p>La prochaine veill\u00e9e de Louange aura lieu <strong>le samedi 16 mai (20h30), \u00e0 l\u2019\u00e9glise de La Chapelle sur Erdre<\/strong>.<\/p>\n\n\n\n<p>Voil\u00e0\n une occasion privil\u00e9gi\u00e9e pour rencontrer le Seigneur et ouvrir grand \nnotre c\u0153ur \u00e0 son Amour infini, pour d\u00e9poser entre ses mains nos joies et\n nos fardeaux, pour repartir le c\u0153ur apais\u00e9 et tout illumin\u00e9 de sa \nLumi\u00e8re. Alors laissons-nous conduire par l\u2019Esprit !<\/p>\n\n\n\n<figure class=\"wp-block-image is-resized\"><img loading=\"lazy\" decoding=\"async\" src=\"https:\/\/www.paroisse-sjeg.fr\/wp-content\/uploads\/2019\/06\/child-praise-at-cross-1210870-639x976.jpg\" alt=\"\" class=\"wp-image-2943\" width=\"337\" height=\"514\" srcset=\"https:\/\/www.paroisse-sjeg.fr\/wp-content\/uploads\/2019\/06\/child-praise-at-cross-1210870-639x976.jpg 639w, https:\/\/www.paroisse-sjeg.fr\/wp-content\/uploads\/2019\/06\/child-praise-at-cross-1210870-639x976-196x300.jpg 196w, https:\/\/www.paroisse-sjeg.fr\/wp-content\/uploads\/2019\/06\/child-praise-at-cross-1210870-639x976-600x917.jpg 600w\" sizes=\"auto, (max-width: 337px) 100vw, 337px\" \/><\/figure>\n\n\n\n<p>Voil\u00e0  une occasion privil\u00e9gi\u00e9e pour rencontrer le Seigneur et ouvrir grand  notre c\u0153ur \u00e0 son Amour infini, pour d\u00e9poser entre ses mains nos joies et  nos fardeaux, pour repartir le c\u0153ur apais\u00e9 et tout illumin\u00e9 de sa  Lumi\u00e8re. Alors laissons-nous conduire par l\u2019Esprit !<\/p>\n\n\n\n<p><em>Informations compl\u00e9mentaires&nbsp;:<\/em><\/p>\n\n\n\n<ul class=\"wp-block-list\"><li><em>Le sacrement de r\u00e9conciliation sera propos\u00e9 pour ceux qui le souhaitent. <\/em><\/li><li><em>Ci-joint la feuille de chant.<\/em><\/li><li><em>Un temps convivial suivra, pensez \u00e0 apporter g\u00e2teaux, boissons ou autres douceurs \u00e0 partager.<\/em><\/li><\/ul>\n\n\n\n<p>Si\n d\u2019ici l\u00e0 vous voulez vous tourner vers le Seigneur, l\u2019appli \u00ab&nbsp;Prie en \nchemin&nbsp;\u00bb&nbsp;vous offre chaque jour une tr\u00e8s belle m\u00e9ditation audio : <a href=\"https:\/\/prieenchemin.org\/\">https:\/\/prieenchemin.org\/<\/a><\/p>\n\n\n<a href=\"https:\/\/www.paroisse-sjeg.fr\/wp-content\/uploads\/2020\/03\/Feuille-de-chants-veill\u00e9e-14-03-20-V3.pdf\" class=\"pdfemb-viewer\" style=\"\" data-width=\"max\" data-height=\"max\" data-toolbar=\"both\" data-toolbar-fixed=\"on\">Feuille-de-chants-veill\u00e9e-14-03-20-V3<\/a>\n<p class=\"wp-block-pdfemb-pdf-embedder-viewer\"><\/p>\n","protected":false},"excerpt":{"rendered":"<p>La prochaine veill\u00e9e de Louange aura lieu le samedi 16 mai (20h30), \u00e0 l\u2019\u00e9glise de La Chapelle sur Erdre. Voil\u00e0 une occasion privil\u00e9gi\u00e9e pour rencontrer le Seigneur et ouvrir grand notre c\u0153ur \u00e0 son Amour infini, pour d\u00e9poser entre ses mains nos joies et nos fardeaux, pour repartir le c\u0153ur apais\u00e9 et tout illumin\u00e9 de [&hellip;]<\/p>\n","protected":false},"author":1,"featured_media":2943,"comment_status":"closed","ping_status":"closed","sticky":false,"template":"","format":"standard","meta":{"footnotes":""},"categories":[24,37],"tags":[],"post_folder":[],"class_list":{"0":"post-2941","1":"post","2":"type-post","3":"status-publish","4":"format-standard","5":"has-post-thumbnail","7":"category-adultes","8":"category-evenements","9":"czr-hentry"},"_links":{"self":[{"href":"https:\/\/www.paroisse-sjeg.fr\/index.php\/wp-json\/wp\/v2\/posts\/2941","targetHints":{"allow":["GET"]}}],"collection":[{"href":"https:\/\/www.paroisse-sjeg.fr\/index.php\/wp-json\/wp\/v2\/posts"}],"about":[{"href":"https:\/\/www.paroisse-sjeg.fr\/index.php\/wp-json\/wp\/v2\/types\/post"}],"author":[{"embeddable":true,"href":"https:\/\/www.paroisse-sjeg.fr\/index.php\/wp-json\/wp\/v2\/users\/1"}],"replies":[{"embeddable":true,"href":"https:\/\/www.paroisse-sjeg.fr\/index.php\/wp-json\/wp\/v2\/comments?post=2941"}],"version-history":[{"count":0,"href":"https:\/\/www.paroisse-sjeg.fr\/index.php\/wp-json\/wp\/v2\/posts\/2941\/revisions"}],"wp:featuredmedia":[{"embeddable":true,"href":"https:\/\/www.paroisse-sjeg.fr\/index.php\/wp-json\/wp\/v2\/media\/2943"}],"wp:attachment":[{"href":"https:\/\/www.paroisse-sjeg.fr\/index.php\/wp-json\/wp\/v2\/media?parent=2941"}],"wp:term":[{"taxonomy":"category","embeddable":true,"href":"https:\/\/www.paroisse-sjeg.fr\/index.php\/wp-json\/wp\/v2\/categories?post=2941"},{"taxonomy":"post_tag","embeddable":true,"href":"https:\/\/www.paroisse-sjeg.fr\/index.php\/wp-json\/wp\/v2\/tags?post=2941"},{"taxonomy":"post_folder","embeddable":true,"href":"https:\/\/www.paroisse-sjeg.fr\/index.php\/wp-json\/wp\/v2\/post_folder?post=2941"}],"curies":[{"name":"wp","href":"https:\/\/api.w.org\/{rel}","templated":true}]}}