{"id":2895,"date":"2019-05-20T16:38:05","date_gmt":"2019-05-20T14:38:05","guid":{"rendered":"https:\/\/www.paroisse-sjeg.fr\/?p=2895"},"modified":"2019-05-20T16:50:45","modified_gmt":"2019-05-20T14:50:45","slug":"pelerinage-des-epouses-meres-grand-meres","status":"publish","type":"post","link":"https:\/\/www.paroisse-sjeg.fr\/index.php\/pelerinage-des-epouses-meres-grand-meres\/","title":{"rendered":"P\u00e8lerinage des \u00e9pouses, m\u00e8res, grand-m\u00e8res&#8230;"},"content":{"rendered":"\n<p>14-16 juin 2019  &#8211;  Notre-Dame de Marillais<\/p>\n\n\n\n<div class=\"wp-block-image\"><figure class=\"aligncenter is-resized\"><img loading=\"lazy\" decoding=\"async\" src=\"https:\/\/www.paroisse-sjeg.fr\/wp-content\/uploads\/2019\/05\/affiche-pele-meres-2019-pdf-723x1024.jpg\" alt=\"thumbnail of affiche pele meres 2019\" class=\"wp-image-2902\" width=\"424\" height=\"600\" srcset=\"https:\/\/www.paroisse-sjeg.fr\/wp-content\/uploads\/2019\/05\/affiche-pele-meres-2019-pdf.jpg 723w, https:\/\/www.paroisse-sjeg.fr\/wp-content\/uploads\/2019\/05\/affiche-pele-meres-2019-pdf-212x300.jpg 212w, https:\/\/www.paroisse-sjeg.fr\/wp-content\/uploads\/2019\/05\/affiche-pele-meres-2019-pdf-600x850.jpg 600w\" sizes=\"auto, (max-width: 424px) 100vw, 424px\" \/><\/figure><\/div>\n\n\n\n<p><br><\/p>\n","protected":false},"excerpt":{"rendered":"<p>14-16 juin 2019 &#8211; Notre-Dame de Marillais<\/p>\n","protected":false},"author":11,"featured_media":2898,"comment_status":"closed","ping_status":"closed","sticky":false,"template":"","format":"standard","meta":{"footnotes":""},"categories":[24,11,37,4],"tags":[],"post_folder":[],"class_list":{"0":"post-2895","1":"post","2":"type-post","3":"status-publish","4":"format-standard","5":"has-post-thumbnail","7":"category-adultes","8":"category-communication","9":"category-evenements","10":"category-vivre-sa-foi","11":"czr-hentry"},"_links":{"self":[{"href":"https:\/\/www.paroisse-sjeg.fr\/index.php\/wp-json\/wp\/v2\/posts\/2895","targetHints":{"allow":["GET"]}}],"collection":[{"href":"https:\/\/www.paroisse-sjeg.fr\/index.php\/wp-json\/wp\/v2\/posts"}],"about":[{"href":"https:\/\/www.paroisse-sjeg.fr\/index.php\/wp-json\/wp\/v2\/types\/post"}],"author":[{"embeddable":true,"href":"https:\/\/www.paroisse-sjeg.fr\/index.php\/wp-json\/wp\/v2\/users\/11"}],"replies":[{"embeddable":true,"href":"https:\/\/www.paroisse-sjeg.fr\/index.php\/wp-json\/wp\/v2\/comments?post=2895"}],"version-history":[{"count":0,"href":"https:\/\/www.paroisse-sjeg.fr\/index.php\/wp-json\/wp\/v2\/posts\/2895\/revisions"}],"wp:featuredmedia":[{"embeddable":true,"href":"https:\/\/www.paroisse-sjeg.fr\/index.php\/wp-json\/wp\/v2\/media\/2898"}],"wp:attachment":[{"href":"https:\/\/www.paroisse-sjeg.fr\/index.php\/wp-json\/wp\/v2\/media?parent=2895"}],"wp:term":[{"taxonomy":"category","embeddable":true,"href":"https:\/\/www.paroisse-sjeg.fr\/index.php\/wp-json\/wp\/v2\/categories?post=2895"},{"taxonomy":"post_tag","embeddable":true,"href":"https:\/\/www.paroisse-sjeg.fr\/index.php\/wp-json\/wp\/v2\/tags?post=2895"},{"taxonomy":"post_folder","embeddable":true,"href":"https:\/\/www.paroisse-sjeg.fr\/index.php\/wp-json\/wp\/v2\/post_folder?post=2895"}],"curies":[{"name":"wp","href":"https:\/\/api.w.org\/{rel}","templated":true}]}}