{"id":2428,"date":"2018-05-22T15:43:34","date_gmt":"2018-05-22T13:43:34","guid":{"rendered":"https:\/\/www.paroisse-sjeg.fr\/?p=2428"},"modified":"2018-05-24T13:13:38","modified_gmt":"2018-05-24T11:13:38","slug":"mini-camp-5e-4e-du-27-au-29-juin","status":"publish","type":"post","link":"https:\/\/www.paroisse-sjeg.fr\/index.php\/mini-camp-5e-4e-du-27-au-29-juin\/","title":{"rendered":"Mini-camp 5\u00e8-4\u00e8 du 27 au 29 juin"},"content":{"rendered":"<p><strong>Pr\u00e9-inscriptions: <a href=\"https:\/\/docs.google.com\/forms\/d\/e\/1FAIpQLSdnBUyuBwCWizlZ47Y1YFg0T6weEzZQLF31V9Or6eAcdXRT9Q\/viewform?entry.640144651&amp;entry.810728572&amp;entry.1305449620&amp;entry.177081673\">ICI<\/a><\/strong><\/p>\n<a href=\"https:\/\/www.paroisse-sjeg.fr\/wp-content\/uploads\/2018\/05\/2018_camp5e4e.pdf\" class=\"pdfemb-viewer\" style=\"\" data-width=\"max\" data-height=\"max\" data-toolbar=\"both\" data-toolbar-fixed=\"on\">2018_camp5e4e<\/a>\n<p>&nbsp;<\/p>\n","protected":false},"excerpt":{"rendered":"<p>Pr\u00e9-inscriptions: ICI &nbsp;<\/p>\n","protected":false},"author":11,"featured_media":2437,"comment_status":"closed","ping_status":"closed","sticky":false,"template":"","format":"standard","meta":{"footnotes":""},"categories":[37],"tags":[],"post_folder":[],"class_list":{"0":"post-2428","1":"post","2":"type-post","3":"status-publish","4":"format-standard","5":"has-post-thumbnail","7":"category-evenements","8":"czr-hentry"},"_links":{"self":[{"href":"https:\/\/www.paroisse-sjeg.fr\/index.php\/wp-json\/wp\/v2\/posts\/2428","targetHints":{"allow":["GET"]}}],"collection":[{"href":"https:\/\/www.paroisse-sjeg.fr\/index.php\/wp-json\/wp\/v2\/posts"}],"about":[{"href":"https:\/\/www.paroisse-sjeg.fr\/index.php\/wp-json\/wp\/v2\/types\/post"}],"author":[{"embeddable":true,"href":"https:\/\/www.paroisse-sjeg.fr\/index.php\/wp-json\/wp\/v2\/users\/11"}],"replies":[{"embeddable":true,"href":"https:\/\/www.paroisse-sjeg.fr\/index.php\/wp-json\/wp\/v2\/comments?post=2428"}],"version-history":[{"count":0,"href":"https:\/\/www.paroisse-sjeg.fr\/index.php\/wp-json\/wp\/v2\/posts\/2428\/revisions"}],"wp:featuredmedia":[{"embeddable":true,"href":"https:\/\/www.paroisse-sjeg.fr\/index.php\/wp-json\/wp\/v2\/media\/2437"}],"wp:attachment":[{"href":"https:\/\/www.paroisse-sjeg.fr\/index.php\/wp-json\/wp\/v2\/media?parent=2428"}],"wp:term":[{"taxonomy":"category","embeddable":true,"href":"https:\/\/www.paroisse-sjeg.fr\/index.php\/wp-json\/wp\/v2\/categories?post=2428"},{"taxonomy":"post_tag","embeddable":true,"href":"https:\/\/www.paroisse-sjeg.fr\/index.php\/wp-json\/wp\/v2\/tags?post=2428"},{"taxonomy":"post_folder","embeddable":true,"href":"https:\/\/www.paroisse-sjeg.fr\/index.php\/wp-json\/wp\/v2\/post_folder?post=2428"}],"curies":[{"name":"wp","href":"https:\/\/api.w.org\/{rel}","templated":true}]}}