{"id":1990,"date":"2017-10-19T09:21:36","date_gmt":"2017-10-19T07:21:36","guid":{"rendered":"https:\/\/www.paroisse-sjeg.fr\/?p=1990"},"modified":"2017-10-19T09:24:34","modified_gmt":"2017-10-19T07:24:34","slug":"secours-catholique","status":"publish","type":"post","link":"https:\/\/www.paroisse-sjeg.fr\/index.php\/secours-catholique\/","title":{"rendered":"Secours Catholique"},"content":{"rendered":"<h3><strong>Le Secours Catholique est un r\u00e9seau ouvert \u00e0 tous qui lutte contre toutes formes de pauvret\u00e9 et d\u2019exclusion.<\/strong><\/h3>\n<h3>Fond\u00e9 en 1946 par Mgr Jean Rodhain, le Secours Catholique, association loi 1901, cherche \u00e0 promouvoir une soci\u00e9t\u00e9 juste et fraternelle.<\/h3>\n<p>Jour apr\u00e8s jour, <strong>au Secours catholique-Caritas France nous \u0153uvrons pour que chacun ait une place dans la soci\u00e9t\u00e9<\/strong> et ainsi faire reculer la pauvret\u00e9 et les in\u00e9galit\u00e9s. Nous agissons avec les personnes en pr\u00e9carit\u00e9 pour que leur valeur et leur dignit\u00e9 soient enfin reconnues par tous.<\/p>\n<p>En Loire-Atlantique, le Secours Catholique couvre l\u2019ensemble du territoire, gr\u00e2ce \u00e0 ses 39 \u00e9quipes locales. Pr\u00e8s de 1\u00a0500 b\u00e9n\u00e9voles s\u2019engagent aux c\u00f4t\u00e9s des personnes d\u00e9favoris\u00e9es et non \u00e0 leur place. En les impliquant dans nos actions, en les encourageant \u00e0 exprimer leurs id\u00e9es et leurs savoirs, nous leur rendons leur place dans la soci\u00e9t\u00e9 et construisons ainsi tous ensemble un monde juste et fraternel.<\/p>\n<h2><strong>Nos Actions<\/strong><\/h2>\n<p><strong>Accompagnement scolaire, Accompagnement secours, Accueil familial de vacances, Envoi familial de vacances, Animation spirituelle, Convivialit\u00e9 et lieu d\u2019entraide, \u00c9veil \u00e0 la solidarit\u00e9, Formation, Initiation au fran\u00e7ais et approfondissement, Parrainage d\u2019enfants, Solidarit\u00e9 internationale\u2026<\/strong><\/p>\n<p><strong>Pour trouver le Secours Catholique pr\u00e8s de chez vous\u00a0?<\/strong><\/p>\n<p>Renseignements aupr\u00e8s de la D\u00e9l\u00e9gation <strong>02.40.29.04.26<\/strong><\/p>\n<p>Ou sur notre site Internet <strong>loireatlantique.secours-catholique.org<\/strong><\/p>\n<h2><strong>Campagne de fin d\u2019ann\u00e9e<\/strong><\/h2>\n<p><strong>La Campagne de Fin d\u2019Ann\u00e9e du Secours Catholique \u2013 Caritas France\u00a0: L\u2019Appel \u00e0 la Solidarit\u00e9\u00a0!\u00a0<\/strong><\/p>\n<p><strong>\u00c0 partir du 19 novembre et jusqu\u2019au 31 d\u00e9cembre le Secours Catholique-Caritas France lance sa collecte annuelle. Les dons recueillis financeront ses actions aupr\u00e8s des plus d\u00e9munis.<\/strong><\/p>\n<p>&nbsp;<\/p>\n<p>Cette campagne de collecte nationale est une occasion pour le Secours Catholique de faire conna\u00eetre au grand public les actions qu\u2019il m\u00e8ne avec les personnes vivant des situations de pauvret\u00e9 en France et dans le monde.<\/p>\n<p><img loading=\"lazy\" decoding=\"async\" class=\"size-medium wp-image-1988 aligncenter\" src=\"https:\/\/www.paroisse-sjeg.fr\/wp-content\/uploads\/2017\/10\/Secours-Catholique-252x300.jpg\" alt=\"\" width=\"252\" height=\"300\" srcset=\"https:\/\/www.paroisse-sjeg.fr\/wp-content\/uploads\/2017\/10\/Secours-Catholique-252x300.jpg 252w, https:\/\/www.paroisse-sjeg.fr\/wp-content\/uploads\/2017\/10\/Secours-Catholique-768x915.jpg 768w, https:\/\/www.paroisse-sjeg.fr\/wp-content\/uploads\/2017\/10\/Secours-Catholique-860x1024.jpg 860w, https:\/\/www.paroisse-sjeg.fr\/wp-content\/uploads\/2017\/10\/Secours-Catholique-600x715.jpg 600w, https:\/\/www.paroisse-sjeg.fr\/wp-content\/uploads\/2017\/10\/Secours-Catholique.jpg 1240w\" sizes=\"auto, (max-width: 252px) 100vw, 252px\" \/><\/p>\n","protected":false},"excerpt":{"rendered":"<p>Le Secours Catholique est un r\u00e9seau ouvert \u00e0 tous qui lutte contre toutes formes de pauvret\u00e9 et d\u2019exclusion. Fond\u00e9 en 1946 par Mgr Jean Rodhain, le Secours Catholique, association loi 1901, cherche \u00e0 promouvoir une soci\u00e9t\u00e9 juste et fraternelle. Jour apr\u00e8s jour, au Secours catholique-Caritas France nous \u0153uvrons pour que chacun ait une place dans [&hellip;]<\/p>\n","protected":false},"author":1,"featured_media":0,"comment_status":"closed","ping_status":"closed","sticky":false,"template":"","format":"standard","meta":{"footnotes":""},"categories":[24],"tags":[],"post_folder":[],"class_list":{"0":"post-1990","1":"post","2":"type-post","3":"status-publish","4":"format-standard","6":"category-adultes","7":"czr-hentry"},"_links":{"self":[{"href":"https:\/\/www.paroisse-sjeg.fr\/index.php\/wp-json\/wp\/v2\/posts\/1990","targetHints":{"allow":["GET"]}}],"collection":[{"href":"https:\/\/www.paroisse-sjeg.fr\/index.php\/wp-json\/wp\/v2\/posts"}],"about":[{"href":"https:\/\/www.paroisse-sjeg.fr\/index.php\/wp-json\/wp\/v2\/types\/post"}],"author":[{"embeddable":true,"href":"https:\/\/www.paroisse-sjeg.fr\/index.php\/wp-json\/wp\/v2\/users\/1"}],"replies":[{"embeddable":true,"href":"https:\/\/www.paroisse-sjeg.fr\/index.php\/wp-json\/wp\/v2\/comments?post=1990"}],"version-history":[{"count":0,"href":"https:\/\/www.paroisse-sjeg.fr\/index.php\/wp-json\/wp\/v2\/posts\/1990\/revisions"}],"wp:attachment":[{"href":"https:\/\/www.paroisse-sjeg.fr\/index.php\/wp-json\/wp\/v2\/media?parent=1990"}],"wp:term":[{"taxonomy":"category","embeddable":true,"href":"https:\/\/www.paroisse-sjeg.fr\/index.php\/wp-json\/wp\/v2\/categories?post=1990"},{"taxonomy":"post_tag","embeddable":true,"href":"https:\/\/www.paroisse-sjeg.fr\/index.php\/wp-json\/wp\/v2\/tags?post=1990"},{"taxonomy":"post_folder","embeddable":true,"href":"https:\/\/www.paroisse-sjeg.fr\/index.php\/wp-json\/wp\/v2\/post_folder?post=1990"}],"curies":[{"name":"wp","href":"https:\/\/api.w.org\/{rel}","templated":true}]}}