{"id":1603,"date":"2016-12-27T13:00:58","date_gmt":"2016-12-27T11:00:58","guid":{"rendered":"https:\/\/www.paroisse-sjeg.fr\/?p=1603"},"modified":"2016-12-27T13:03:27","modified_gmt":"2016-12-27T11:03:27","slug":"le-plus-beau-des-cadeaux","status":"publish","type":"post","link":"https:\/\/www.paroisse-sjeg.fr\/index.php\/le-plus-beau-des-cadeaux\/","title":{"rendered":"Le plus beau des cadeaux"},"content":{"rendered":"<p style=\"text-align: justify;\">Jean, \u00a0personne \u00a0trisomique \u00a0de 29 ans, demande \u00e0 faire sa premi\u00e8re communion ; et sa cat\u00e9chiste s\u2019interroge sur son degr\u00e9 de compr\u00e9hension de ce qu\u2019il va vivre. Trois jours avant la c\u00e9l\u00e9bration, elle demande \u00e0 Jean : <em>\u00ab Quel cadeau veux-tu \u00a0pour \u00a0ta \u00a0premi\u00e8re \u00a0communion ? \u00bb \u00a0<\/em>Jean lui r\u00e9pond. <em>\u00ab Je vais d\u00e9j\u00e0 avoir J\u00e9sus ; Jean ne veut pas de cadeau. \u00bb<\/em><\/p>\n<p style=\"text-align: justify;\">A No\u00ebl, il est important de se rappeler que le plus beau des cadeaux que nous recevons est Dieu qui vient visiter notre humanit\u00e9 ; non pas un Dieu tout puissant, mais un Dieu qui vient dans la fragilit\u00e9 d\u2019un nouveau n\u00e9 ; un Dieu qui accepte d\u2019\u00eatre d\u00e9pendant de l\u2019homme, un Dieu qui accepte de se laisser bercer dans les bras d\u2019une femme, d\u2019un homme, et qui attend tout d\u2019eux. Le cadeau de Dieu \u00e0 l\u2019humanit\u00e9, c\u2019est Dieu lui-m\u00eame, Dieu qui se donne. Alors, n\u2019oublions pas que les cadeaux que nous offrons le jour de No\u00ebl ne sont que le rappel du v\u00e9ritable cadeau de Dieu. N\u2019oublions pas que les cadeaux que nous offrons \u00e0 No\u00ebl ne sont que le signe de cette vie que nous sommes invit\u00e9s \u00e0 offrir aux autres, dans l\u2019ordinaire de notre vie, tout au long de l\u2019ann\u00e9e.<\/p>\n<p style=\"text-align: center;\"><span style=\"color: #ff0000;\">Je vous souhaite \u00e0 tous<\/span><\/p>\n<p style=\"text-align: center;\"><span style=\"color: #ff0000;\">un Joyeux No\u00ebl.<\/span><\/p>\n<p style=\"text-align: right;\"><strong><em>P\u00e8re Philippe Girard<\/em><\/strong><\/p>\n<p style=\"text-align: center;\"><img loading=\"lazy\" decoding=\"async\" class=\"alignnone size-medium wp-image-1607\" src=\"https:\/\/www.paroisse-sjeg.fr\/wp-content\/uploads\/2016\/12\/bulletin-de-janvier-2017-300x169.jpg\" alt=\"bulletin-de-janvier-2017\" width=\"300\" height=\"169\" srcset=\"https:\/\/www.paroisse-sjeg.fr\/wp-content\/uploads\/2016\/12\/bulletin-de-janvier-2017-300x169.jpg 300w, https:\/\/www.paroisse-sjeg.fr\/wp-content\/uploads\/2016\/12\/bulletin-de-janvier-2017.jpg 314w\" sizes=\"auto, (max-width: 300px) 100vw, 300px\" \/><\/p>\n","protected":false},"excerpt":{"rendered":"<p>Jean,  personne  trisomique  de 29 ans, demande \u00e0 faire sa premi\u00e8re communion ; et sa cat\u00e9chiste s\u2019interroge sur son degr\u00e9 de compr\u00e9hension de ce qu\u2019il va vivre. Trois jours avant la c\u00e9l\u00e9bration, elle demande \u00e0 Jean : \u00ab Quel cadeau veux-tu  pour  ta  premi\u00e8re  communion ? \u00bb  Jean lui r\u00e9pond. \u00ab Je vais d\u00e9j\u00e0 avoir J\u00e9sus ; Jean ne veut pas de cadeau. \u00bb<\/p>\n","protected":false},"author":1,"featured_media":1607,"comment_status":"closed","ping_status":"closed","sticky":false,"template":"","format":"standard","meta":{"footnotes":""},"categories":[24,25,7],"tags":[],"post_folder":[],"class_list":{"0":"post-1603","1":"post","2":"type-post","3":"status-publish","4":"format-standard","5":"has-post-thumbnail","7":"category-adultes","8":"category-enfants","9":"category-jeunes","10":"czr-hentry"},"_links":{"self":[{"href":"https:\/\/www.paroisse-sjeg.fr\/index.php\/wp-json\/wp\/v2\/posts\/1603","targetHints":{"allow":["GET"]}}],"collection":[{"href":"https:\/\/www.paroisse-sjeg.fr\/index.php\/wp-json\/wp\/v2\/posts"}],"about":[{"href":"https:\/\/www.paroisse-sjeg.fr\/index.php\/wp-json\/wp\/v2\/types\/post"}],"author":[{"embeddable":true,"href":"https:\/\/www.paroisse-sjeg.fr\/index.php\/wp-json\/wp\/v2\/users\/1"}],"replies":[{"embeddable":true,"href":"https:\/\/www.paroisse-sjeg.fr\/index.php\/wp-json\/wp\/v2\/comments?post=1603"}],"version-history":[{"count":0,"href":"https:\/\/www.paroisse-sjeg.fr\/index.php\/wp-json\/wp\/v2\/posts\/1603\/revisions"}],"wp:featuredmedia":[{"embeddable":true,"href":"https:\/\/www.paroisse-sjeg.fr\/index.php\/wp-json\/wp\/v2\/media\/1607"}],"wp:attachment":[{"href":"https:\/\/www.paroisse-sjeg.fr\/index.php\/wp-json\/wp\/v2\/media?parent=1603"}],"wp:term":[{"taxonomy":"category","embeddable":true,"href":"https:\/\/www.paroisse-sjeg.fr\/index.php\/wp-json\/wp\/v2\/categories?post=1603"},{"taxonomy":"post_tag","embeddable":true,"href":"https:\/\/www.paroisse-sjeg.fr\/index.php\/wp-json\/wp\/v2\/tags?post=1603"},{"taxonomy":"post_folder","embeddable":true,"href":"https:\/\/www.paroisse-sjeg.fr\/index.php\/wp-json\/wp\/v2\/post_folder?post=1603"}],"curies":[{"name":"wp","href":"https:\/\/api.w.org\/{rel}","templated":true}]}}