{"id":1530,"date":"2016-08-24T18:17:27","date_gmt":"2016-08-24T16:17:27","guid":{"rendered":"https:\/\/www.paroisse-sjeg.fr\/?p=1530"},"modified":"2017-03-20T13:59:32","modified_gmt":"2017-03-20T11:59:32","slug":"a-lecole-de-la-priere","status":"publish","type":"post","link":"https:\/\/www.paroisse-sjeg.fr\/index.php\/a-lecole-de-la-priere\/","title":{"rendered":"A l\u2019\u00e9cole de la pri\u00e8re"},"content":{"rendered":"<p style=\"text-align: center;\"><strong>L&rsquo;\u00e9t\u00e9 2016, du 7 au 14 ao\u00fbt, plus de 80 jeunes du dioc\u00e8se ont particip\u00e9 \u00e0 la session d\u2019\u00e9t\u00e9 de l\u2019\u00c9cole de pri\u00e8re. Parmi eux, de nombreux paroissiens aux r\u00f4les multiples. L\u2019occasion pour eux de faire une pause au c\u0153ur de l\u2019\u00e9t\u00e9 et de consacrer du temps \u00e0 Dieu. Regards crois\u00e9s.<\/strong><\/p>\n<h3 style=\"text-align: center;\">R\u00e9fl\u00e9chir sur sa foi<\/h3>\n<p style=\"text-align: center;\">L\u2019\u00c9cole de pri\u00e8re est un camp propos\u00e9 aux enfants et jeunes de 8 \u00e0 18 ans. Pendant une semaine, ils sont r\u00e9partis par groupe selon leur \u00e2ge et alternent des temps spirituels et des temps de vie en communaut\u00e9. A quoi ressemble une journ\u00e9e ? Le P\u00e8re Herv\u00e9 Godin, qui \u00e9tait cette ann\u00e9e aum\u00f4nier du camp, explique que chaque journ\u00e9e commence par un temps de pri\u00e8re. Puis, les jeunes r\u00e9fl\u00e9chissent en \u00ab frat \u00bb (= \u00e9quipe) sur un th\u00e8me en lien avec la Parole ; ce temps de r\u00e9flexion est ensuite suivi par un temps de d\u00e9sert qui permet \u00e0 chaque jeune de m\u00e9diter et m\u00fbrir cette Parole. Chaque jour, la messe est c\u00e9l\u00e9br\u00e9e avant le d\u00e9jeuner, un moment fort pour chaque participant. L\u2019apr\u00e8s-midi est consacr\u00e9e \u00e0 diverses activit\u00e9s plus ludiques (ateliers manuels, jeux&#8230;). Cette ann\u00e9e, les jeunes ont par exemple pu fabriquer un reposoir, qui a ensuite donn\u00e9 lieu \u00e0 un moment fort autour du passage du Saint-Sacrement. La journ\u00e9e se termine enfin par une veill\u00e9e.<\/p>\n<h3 style=\"text-align: center;\">\u00ab Une belle exp\u00e9rience \u00bb<\/h3>\n<p style=\"text-align: justify;\">Au cours de ce camp, les jeunes sont encadr\u00e9s par un aum\u00f4nier, qui \u00e9tait cette ann\u00e9e le P\u00e8re Herv\u00e9 Godin. Il s\u2019agissait pour lui d\u2019accompagner les participants et c\u00e9l\u00e9brer l\u2019Eucharistie quotidienne. L\u2019apr\u00e8s-midi de r\u00e9conciliation fut un temps fort de la session. \u00ab Il est toujours \u00e9mouvant de voir les jeunes d\u00e9poser au Seigneur ce qui fait leur vie. \u00bb<br \/>\nChaque \u00e9quipe est encadr\u00e9e par un animateur. \u00ab Nous sommes l\u00e0 pour encadrer les jeunes, les \u00e9couter quand ils souhaitent parler de leur foi en priv\u00e9 et \u00e9galement les aider dans leur chemin de foi \u00bb, explique Hubert, animateur depuis trois ans. Au quotidien, l\u2019encadrement se fait par des parents-serviteurs, parmi lesquels Anne Dupin. Ils s\u2019occupent des plus jeunes et g\u00e8rent les t\u00e2ches quotidiennes de cuisine, m\u00e9nage&#8230; \u00catre parent-serviteur, c\u2019\u00e9tait pour Anne une mani\u00e8re diff\u00e9rente de servir, plus en retrait et de vivre une belle exp\u00e9rience de fraternit\u00e9.<\/p>\n<h3 style=\"text-align: right;\">\u00ab Se laisser travailler par l\u2019Esprit \u00bb<\/h3>\n<p style=\"text-align: justify;\">Le P\u00e8re Herv\u00e9 Godin participait \u00e0 la session pour la premi\u00e8re fois comme aum\u00f4nier. Ce fut pour lui un beau moment d\u2019accompagner ces jeunes qui r\u00e9fl\u00e9chissent \u00e0 leur foi. Quant \u00e0 Pauline, c\u2019\u00e9tait sa dixi\u00e8me et derni\u00e8re ann\u00e9e en tant que participante. Ce rendez-vous annuel est tr\u00e8s important pour elle. \u00ab J\u2019ai beaucoup appris sur moi et sur ma foi, c\u2019est un lieu qui me permet chaque ann\u00e9e de me ressourcer dans ma foi, une deuxi\u00e8me famille. \u00bb C\u2019est pourquoi elle envisage de poursuivre comme animatrice les ann\u00e9es prochaines, afin de rendre ce qui lui a \u00e9t\u00e9 donn\u00e9. Chemin qu\u2019a suivi Hubert : animateur depuis trois ans, il avait particip\u00e9 auparavant aux sessions en tant que jeune. \u00ab L\u2019\u00c9cole de pri\u00e8re m\u2019a permis de grandir tant dans ma vie quotidienne que dans ma vie spirituelle. Cela permet aussi de vivre un temps de retraite et de me consolider dans ma foi. Enfin, les jeunes que nous encadrons nous apportent aussi beaucoup. \u00bb<\/p>\n<p style=\"text-align: right;\">Caroline P-A.<\/p>\n<p style=\"text-align: right;\"><img loading=\"lazy\" decoding=\"async\" class=\"alignnone size-medium wp-image-1527 aligncenter\" src=\"https:\/\/www.paroisse-sjeg.fr\/wp-content\/uploads\/2016\/11\/N11-d\u00e9c2016-4-300x131.jpg\" alt=\"n11-dec2016-4\" width=\"300\" height=\"131\" srcset=\"https:\/\/www.paroisse-sjeg.fr\/wp-content\/uploads\/2016\/11\/N11-d\u00e9c2016-4-300x131.jpg 300w, https:\/\/www.paroisse-sjeg.fr\/wp-content\/uploads\/2016\/11\/N11-d\u00e9c2016-4.jpg 393w\" sizes=\"auto, (max-width: 300px) 100vw, 300px\" \/><img loading=\"lazy\" decoding=\"async\" class=\"alignnone size-medium wp-image-1526 aligncenter\" src=\"https:\/\/www.paroisse-sjeg.fr\/wp-content\/uploads\/2016\/11\/N11-d\u00e9c2016-3-300x157.jpg\" alt=\"n11-dec2016-3\" width=\"300\" height=\"157\" srcset=\"https:\/\/www.paroisse-sjeg.fr\/wp-content\/uploads\/2016\/11\/N11-d\u00e9c2016-3-300x157.jpg 300w, https:\/\/www.paroisse-sjeg.fr\/wp-content\/uploads\/2016\/11\/N11-d\u00e9c2016-3.jpg 393w\" sizes=\"auto, (max-width: 300px) 100vw, 300px\" \/><\/p>\n<p style=\"text-align: center;\">\n","protected":false},"excerpt":{"rendered":"<p>L&rsquo;\u00e9t\u00e9 2016, du 7 au 14 ao\u00fbt, plus de 80 jeunes du dioc\u00e8se ont particip\u00e9 \u00e0 la session d\u2019\u00e9t\u00e9 de l\u2019\u00c9cole de pri\u00e8re. Parmi eux, de nombreux paroissiens aux r\u00f4les multiples. L\u2019occasion pour eux de faire une pause au c\u0153ur de l\u2019\u00e9t\u00e9 et de consacrer du temps \u00e0 Dieu. Regards crois\u00e9s. R\u00e9fl\u00e9chir sur sa foi [&hellip;]<\/p>\n","protected":false},"author":1,"featured_media":1528,"comment_status":"closed","ping_status":"closed","sticky":false,"template":"","format":"standard","meta":{"footnotes":""},"categories":[25],"tags":[],"post_folder":[],"class_list":{"0":"post-1530","1":"post","2":"type-post","3":"status-publish","4":"format-standard","5":"has-post-thumbnail","7":"category-enfants","8":"czr-hentry"},"_links":{"self":[{"href":"https:\/\/www.paroisse-sjeg.fr\/index.php\/wp-json\/wp\/v2\/posts\/1530","targetHints":{"allow":["GET"]}}],"collection":[{"href":"https:\/\/www.paroisse-sjeg.fr\/index.php\/wp-json\/wp\/v2\/posts"}],"about":[{"href":"https:\/\/www.paroisse-sjeg.fr\/index.php\/wp-json\/wp\/v2\/types\/post"}],"author":[{"embeddable":true,"href":"https:\/\/www.paroisse-sjeg.fr\/index.php\/wp-json\/wp\/v2\/users\/1"}],"replies":[{"embeddable":true,"href":"https:\/\/www.paroisse-sjeg.fr\/index.php\/wp-json\/wp\/v2\/comments?post=1530"}],"version-history":[{"count":0,"href":"https:\/\/www.paroisse-sjeg.fr\/index.php\/wp-json\/wp\/v2\/posts\/1530\/revisions"}],"wp:featuredmedia":[{"embeddable":true,"href":"https:\/\/www.paroisse-sjeg.fr\/index.php\/wp-json\/wp\/v2\/media\/1528"}],"wp:attachment":[{"href":"https:\/\/www.paroisse-sjeg.fr\/index.php\/wp-json\/wp\/v2\/media?parent=1530"}],"wp:term":[{"taxonomy":"category","embeddable":true,"href":"https:\/\/www.paroisse-sjeg.fr\/index.php\/wp-json\/wp\/v2\/categories?post=1530"},{"taxonomy":"post_tag","embeddable":true,"href":"https:\/\/www.paroisse-sjeg.fr\/index.php\/wp-json\/wp\/v2\/tags?post=1530"},{"taxonomy":"post_folder","embeddable":true,"href":"https:\/\/www.paroisse-sjeg.fr\/index.php\/wp-json\/wp\/v2\/post_folder?post=1530"}],"curies":[{"name":"wp","href":"https:\/\/api.w.org\/{rel}","templated":true}]}}